{"id":9222,"date":"2019-11-12T08:37:47","date_gmt":"2019-11-12T07:37:47","guid":{"rendered":"https:\/\/www.ngo-horizonti.org\/?p=9222"},"modified":"2019-11-12T08:39:14","modified_gmt":"2019-11-12T07:39:14","slug":"jezik-moje-uprave-monitoring-izvjestaj","status":"publish","type":"post","link":"https:\/\/www.ngo-horizonti.org\/mne\/jezik-moje-uprave-monitoring-izvjestaj\/","title":{"rendered":"JEZIK MOJE UPRAVE &#8211; MONITORING IZVJE\u0160TAJ"},"content":{"rendered":"<p style=\"text-align: justify;\">Ovaj izvje\u0161taj je imao za cilj analiziranje nivoa slu\u017ebene upotrebe albanskog jezika i pisma u Op\u0161tini Ulcinj, kroz monitoring rada organa lokalne samouprave i zagovaranje principa dvojezi\u010dnosti u op\u0161tinskoj administraciji.<\/p>\n<p style=\"text-align: justify;\">Analiza je ura\u0111ena kori\u0161\u0107enjem adekvatnih metoda istra\u017eivanja kao \u0161to je detaljan monitoring proaktivnog objavljivanja informacija na internet stranici Op\u0161tine Ulcinj; zatim tehnika \u201etajnog posjetioca\u201c, struktuirani intervjui sa lokalnim funkcionerima i slu\u017ebenicima kao i slanjem zahtjeva za slobodan pristup informacijama.<\/p>\n<p style=\"text-align: justify;\">Ova publikacija je ura\u0111ena u sklopu projekta \u201eMoj jezik \u2013 ravnopravan jezik\u201c koji je sprovodio NVO \u201eNovi Horizont\u201c u partnerstvu sa NVO \u201eUl info\u201c. Projekat je finansirao <strong>Ministarstvo za ljudska i manjinska prava<\/strong> u okviru oblasti razvoja i unapre\u0111enja prava manjinskih naroda i drugih manjinskih nacionalnih zajednica.<\/p>\n<p>Pro\u010ditaj publikaciju <a href=\"https:\/\/www.ngo-horizonti.org\/wp-content\/uploads\/2019\/10\/JEZIK-MOJE-UPRAVE.pdf\"><strong>&#8220;JEZIK MOJE UPRAVE&#8221;<\/strong><\/a><\/p>\n<hr>\n<p>&nbsp;<\/p>\n","protected":false},"excerpt":{"rendered":"<p>Ovaj izvje\u0161taj je imao za cilj analiziranje nivoa slu\u017ebene upotrebe albanskog jezika i pisma u Op\u0161tini Ulcinj, kroz monitoring rada organa lokalne samouprave i zagovaranje principa dvojezi\u010dnosti u op\u0161tinskoj administraciji. Analiza je ura\u0111ena kori\u0161\u0107enjem adekvatnih metoda istra\u017eivanja kao \u0161to je detaljan monitoring proaktivnog objavljivanja informacija na internet stranici Op\u0161tine Ulcinj; zatim tehnika \u201etajnog posjetioca\u201c, struktuirani [&hellip;]<\/p>\n","protected":false},"author":1,"featured_media":9223,"comment_status":"closed","ping_status":"closed","sticky":false,"template":"","format":"standard","meta":{"_et_pb_use_builder":"","_et_pb_old_content":"","_et_gb_content_width":"","ngg_post_thumbnail":0,"slim_seo":{"title":"JEZIK MOJE UPRAVE - MONITORING IZVJE\u0160TAJ - New Horizon NGO","description":"Ovaj izvje\u0161taj je imao za cilj analiziranje nivoa slu\u017ebene upotrebe albanskog jezika i pisma u Op\u0161tini Ulcinj, kroz monitoring rada organa lokalne samouprave i"},"footnotes":""},"categories":[53],"tags":[],"class_list":["post-9222","post","type-post","status-publish","format-standard","has-post-thumbnail","hentry","category-publikacije","et-has-post-format-content","et_post_format-et-post-format-standard"],"_links":{"self":[{"href":"https:\/\/www.ngo-horizonti.org\/mne\/wp-json\/wp\/v2\/posts\/9222","targetHints":{"allow":["GET"]}}],"collection":[{"href":"https:\/\/www.ngo-horizonti.org\/mne\/wp-json\/wp\/v2\/posts"}],"about":[{"href":"https:\/\/www.ngo-horizonti.org\/mne\/wp-json\/wp\/v2\/types\/post"}],"author":[{"embeddable":true,"href":"https:\/\/www.ngo-horizonti.org\/mne\/wp-json\/wp\/v2\/users\/1"}],"replies":[{"embeddable":true,"href":"https:\/\/www.ngo-horizonti.org\/mne\/wp-json\/wp\/v2\/comments?post=9222"}],"version-history":[{"count":1,"href":"https:\/\/www.ngo-horizonti.org\/mne\/wp-json\/wp\/v2\/posts\/9222\/revisions"}],"predecessor-version":[{"id":9226,"href":"https:\/\/www.ngo-horizonti.org\/mne\/wp-json\/wp\/v2\/posts\/9222\/revisions\/9226"}],"wp:featuredmedia":[{"embeddable":true,"href":"https:\/\/www.ngo-horizonti.org\/mne\/wp-json\/wp\/v2\/media\/9223"}],"wp:attachment":[{"href":"https:\/\/www.ngo-horizonti.org\/mne\/wp-json\/wp\/v2\/media?parent=9222"}],"wp:term":[{"taxonomy":"category","embeddable":true,"href":"https:\/\/www.ngo-horizonti.org\/mne\/wp-json\/wp\/v2\/categories?post=9222"},{"taxonomy":"post_tag","embeddable":true,"href":"https:\/\/www.ngo-horizonti.org\/mne\/wp-json\/wp\/v2\/tags?post=9222"}],"curies":[{"name":"wp","href":"https:\/\/api.w.org\/{rel}","templated":true}]}}