{"id":9159,"date":"2019-10-02T10:14:07","date_gmt":"2019-10-02T09:14:07","guid":{"rendered":"https:\/\/www.ngo-horizonti.org\/?p=9159"},"modified":"2020-08-19T08:15:22","modified_gmt":"2020-08-19T07:15:22","slug":"za-moj-glas-u-mojoj-opstini","status":"publish","type":"post","link":"https:\/\/www.ngo-horizonti.org\/mne\/za-moj-glas-u-mojoj-opstini\/","title":{"rendered":"ZA MOJ GLAS U MOJOJ OP\u0160TINI"},"content":{"rendered":"<p style=\"text-align: justify;\">NVO Novi Horizont i Gradska biblioteka upu\u0107uju poziv omladinskim liderima i civilnim aktivistima iz Ulcinja da se prijave na trening programu &#8216;<strong>Ja\u010danje kompetencija za gra\u0111ansku participaciju&#8217;<\/strong>.<\/p>\n<p style=\"text-align: justify;\">Program obuke obuhvata ciklus od pet jednodnevnih trening-seminara i usmjeren je ka unaprije\u0111enju znanja omladinskih aktivista o konceptu lokalne samouprave, njenoj ulozi u organizaciji dr\u017eave, polo\u017eaju Skup\u0161tine op\u0161tine, predsjednika op\u0161tine i organa lokalne uprave, njihovim nadle\u017enostima i funkcijama, na\u010dinu kori\u0161\u0107enja usluga organa javne uprave, pristupu informacija od javnog zna\u010daja, itd.<\/p>\n<p style=\"text-align: justify;\">Radionice \u0107e se odr\u017eati u prostorijama YOUTH CORNER-a, u Gradskoj biblioteci.<\/p>\n<p style=\"text-align: justify;\">Nakon zavr\u0161etka obuke, polaznici koji uspje\u0161no s\u0430vl\u0430d\u0430ju program dobijaju sertifikat o ste\u010denim znanjima i iskustvima.<\/p>\n<p style=\"text-align: justify;\">Polaznicima programa \u0107e se pru\u017eiti mogu\u0107nost direktne komunikacije sa predstavnicima Lokalne samouprave kroz studijske posjete na kojima \u0107e se bli\u017ee upoznati sa na\u010dinom rada Op\u0161tinskih organa. Projekat tako\u0111e omogu\u0107ava omladinskim liderima da u\u010destvuju u sprovo\u0111enju terenskog istra\u017eivanja, u organizovanju javnih doga\u0111aja, medijske kampanje, PRESS konferencija i sli\u010dno.<\/p>\n<p style=\"text-align: justify;\">Poseban fokus projekat \u0107e staviti na sprovo\u0111enju edukativno-informativne kampanje o kori\u0161\u0107enju servisa e-Participacija i servisa e-Peticija \u201eGlas gra\u0111ana\u201c, kao i promociju proaktivne transparentnosti kao standarda dobre javne uprave.<\/p>\n<p style=\"text-align: justify;\">Sve ove aktivnosti su dio \u0161ireg projekta \u201e<strong>ZA MOJ GLAS U MOJOJ OP\u0160TINI<\/strong>\u201c, koji sprovodi NVO Novi Horizont u partnerstvu &nbsp;sa NVO \u201eUl info\u201c i Gradskom bibliotekom Ulcinj.<\/p>\n<p style=\"text-align: justify;\">Projekat finansira <a href=\"http:\/\/www.mju.gov.me\/ministarstvo\"><strong>Ministarstvo javne uprave<\/strong><\/a> u sklopu Javnog konkursa ,,<em>e-Demokratija \u2013 u\u010destvuj, predlo\u017ei, promijeni<\/em>\u201d, u oblasti reforme javne uprave.<\/p>\n<p style=\"text-align: justify;\">Svi zainteresovani kandidati za u\u010de\u0161\u0107e u programu treba da se prijave tako \u0161to \u0107e popuniti i poslati prijavni formular koji se nalazi u prilogu.<br \/>\nBroj polaznika je ograni\u010den.<br \/>\nSamo odabrani kandidati \u0107e biti kontaktirani.<\/p>\n<p style=\"text-align: justify;\"><strong>Rok za prijavu je 13. oktobar 2019.<\/strong><\/p>\n<p style=\"text-align: justify;\"><span style=\"font-size: 14pt;\"><a href=\"https:\/\/docs.google.com\/forms\/d\/1J4xmM2L9ZqHF7Ouogd_bqAau05TVfuIsKm0qm5NIkmA\/edit\"><strong>FORMA ZA PRIJAVU<\/strong><\/a><\/span><\/p>\n<hr>\n<p style=\"text-align: justify;\"><img loading=\"lazy\" decoding=\"async\" class=\"aligncenter size-full wp-image-9163\" src=\"https:\/\/www.ngo-horizonti.org\/wp-content\/uploads\/2019\/10\/PARTNERS.png\" alt=\"\" width=\"2968\" height=\"367\" srcset=\"https:\/\/www.ngo-horizonti.org\/wp-content\/uploads\/2019\/10\/PARTNERS.png 2968w, https:\/\/www.ngo-horizonti.org\/wp-content\/uploads\/2019\/10\/PARTNERS-300x37.png 300w, https:\/\/www.ngo-horizonti.org\/wp-content\/uploads\/2019\/10\/PARTNERS-768x95.png 768w, https:\/\/www.ngo-horizonti.org\/wp-content\/uploads\/2019\/10\/PARTNERS-1024x127.png 1024w, https:\/\/www.ngo-horizonti.org\/wp-content\/uploads\/2019\/10\/PARTNERS-1080x134.png 1080w\" sizes=\"(max-width: 2968px) 100vw, 2968px\" \/><\/p>\n<hr>\n<hr>\n<p style=\"text-align: center;\"><span style=\"color: #000000;\"><strong><span style=\"font-size: 14pt;\">AKTIVNOSTI PROJEKTA<\/span><\/strong><\/span><\/p>\n<p><span style=\"color: #000000;\"><strong>RADIONICE SA OMLADINSKIM AKTIVISTIMA&nbsp;<\/strong><\/span><\/p>\n<p>ngg_shortcode_0_placeholder<span style=\"color: #000000;\"><strong>&nbsp;<\/strong><\/span><span style=\"color: #0000ff;\"><span style=\"color: #000000;\"><strong>POSJETA OP\u0160TINI ULCINJ<br \/>\n<\/strong>Omladinski aktivisti su imali priliku da se upoznaju sa mehanizmima gra\u0111anskog u\u010de\u0161\u0107a u procesu dono\u0161enja odluka; o tome \u0161ta su javne rasprave i kako se odvijaju, ka<span class=\"text_exposed_show\">ko se ostvaruje pravo na pristup informacijama u posjedu Op\u0161tinskih organa, koje usluge pru\u017ea Gra\u0111anski biro, itd.<br \/>\n<\/span><\/span><\/span><\/p>\n<p>ngg_shortcode_1_placeholder<span style=\"color: #000000;\"><strong>POSJETA LOKALNOG PARLAMENTA<br \/>\n<\/strong><\/span><\/p>\n<p>ngg_shortcode_2_placeholder<span style=\"color: #000000;\"><strong>OBUKA ANKETARA<br \/>\n<\/strong><\/span>U sklopu ovog projekta sprovedena je obuka za anketare koji c\u0301e sprovesti istra\u017eivanje javnog mnjenja o stepenu povjerenja gra\u0111ana u rad Lokalne uprave i procjeni OP\u0160TINSKE-GRA\u0110ANSKE saradnje. U\u010desnici ove aktivnosti dobili su znanje o postupku istra\u017eivanja<\/p>\n<p>ngg_shortcode_3_placeholder<a href=\"https:\/\/www.ngo-horizonti.org\/mne\/dodjela-diploma-za-omladinske-lidere\/\"><span style=\"color: #000000;\"><strong>DODIJELA DIPLOMA ZA POLAZNIKE PROGRAMA<\/strong><br \/>\n<\/span><\/a>Dana 22.06. 2020. godine zaokru\u017een je &nbsp;edukativni trening program \u201cJa\u010danje kompetencija za gra\u0111ansku participaciju\u201d, koji je poha\u0111alo 23 omladinskih aktivista iz Ulcinja. Tom prilikom je organizovana i dodjela diploma polaznicima na\u0161eg programa.<\/p>\n<p>ngg_shortcode_4_placeholder<a href=\"https:\/\/www.ngo-horizonti.org\/mne\/press-konferencija-prezentacija-rezultata-istrazivanja\/\"><span style=\"color: #000000;\"><strong>PRESS KONFERENCIJA \u2013 PREZENTACIJA REZULTATA ISTRA\u017dIVANJA<\/strong><br \/>\n<\/span><\/a>Dana 29.07.2020. godine odr\u017eana je konferencija za medije na kojoj je objavljena nova publikacija \u201e<strong><a href=\"https:\/\/www.ngo-horizonti.org\/mne\/publikacija-glas-grdana-za-dobru-upravu\/\">Glas gra\u0111ana za dobru upravu<\/a><\/strong>\u201c, koja se ti\u010de <a href=\"https:\/\/www.ngo-horizonti.org\/mne\/rezultati-istrazivanja-ucesce-gradana-u-procesu-donosenja-odluka-opstina-ulcinj\/\">rezultata istra\u017eivanja<\/a> o u\u010de\u0161\u0107u gra\u0111ana u procesu dono\u0161enja odluka na lokalnom nivou \u2013 op\u0161tina Ulcinj.<\/p>\n<p>ngg_shortcode_5_placeholder<a href=\"https:\/\/www.ngo-horizonti.org\/mne\/finalizimi-i-projektit-zeri-im-ne-komunen-time\/\"><span style=\"color: #000000;\"><strong>FINALIZACIJA PROJEKTA ,,ZA MOJ GLAS U MOJOJ OP\u0160TINI\u201d<\/strong><br \/>\n<\/span><\/a>Dana 12.08.2020. godine organizovan je doga\u0111aj koji predstavlja finalnu aktivnost projekta ,,ZA MOJ GLAS U MOJOJ OP\u0160TINI\u201d. Polaznici ovog programa su bili u prilici da razgovaraju sa gostuju\u0107im panelistima, omladinskim aktivistima iz tivatske NVO ,,Alternativni kreativni centar \u2013 Pravi put\u201c i time pro\u0161ire ste\u010dena znanja o omladinskim politikama.<\/p>\nngg_shortcode_6_placeholder\n<hr>\n<p><strong>TEMATSKI \u010cLANCI U MEDIJIMA:<u><br \/>\n<\/u><\/strong><span style=\"color: #3366ff; font-size: 12pt;\"><a style=\"color: #3366ff;\" href=\"http:\/\/mne.ul-info.com\/javna-uprava-i-elektronske-usluge-nuznost-savremenog-nacina-zivota-i-poslovanja\/?fbclid=IwAR2FjfniX8OggLjFQB750HCVl6VyMjx-hJizWdCtbF2tEaOdRZTfz7CYr3k\">Javna uprava i elektronske usluge: NUZNOST SAVREMENOG NACINA ZIVOTA I POSLOVANJA<\/a><br \/>\n<a style=\"color: #3366ff;\" href=\"http:\/\/mne.ul-info.com\/e-uprava-i-upis-djece-u-skole-elektronski\/\">E-uprava: I UPIS DJECE U SKOLE ELEKTRONSKI<\/a><\/span><br \/>\n<span style=\"color: #3366ff; font-size: 12pt;\"><a style=\"color: #3366ff;\" href=\"http:\/\/mne.ul-info.com\/digitalna-transformacija-pokretac-promjena-u-radu-javne-uprave\/\">Digitalna transformacija: POKRETAC PROMJENA U RADU &nbsp;JAVNE UPRAVE<\/a><\/span><br \/>\n<span style=\"color: #3366ff; font-size: 12pt;\"><a style=\"color: #3366ff;\" href=\"http:\/\/mne.ul-info.com\/gradjanska-participacija-pokazatelj-razvoja-lokalne-demokratije\/\">Gradjanska participacija: POKAZATELJ RAZVOJA LOKALNE DEMOKRATIJE<\/a><\/span><br \/>\n<span style=\"color: #3366ff; font-size: 12pt;\"><a style=\"color: #3366ff;\" href=\"http:\/\/mne.ul-info.com\/dobro-upravljanje-opstina-duzna-da-informise-gradjane-o-svojim-aktivnostima\/?fbclid=IwAR2ku_Hvho8CoO1-trm5mJzScc6opmZtKookQfpRn50Hbwxkb-_L-6jyNKQ\">Dobro upravljanje: OP\u0160TINA DU\u017dNA DA INFORMI\u0160E GRADJANE O SVOJIM AKTIVNOSTIMA<\/a><\/span><br \/>\n<span style=\"color: #3366ff; font-size: 12pt;\"><a style=\"color: #3366ff;\" href=\"http:\/\/mne.ul-info.com\/ucesce-gradjana-u-procesu-odlucivanja-i-eu-za-snaznu-dvosmjernu-komunikaciju\/?fbclid=IwAR0NRSXrBRUvL1i028GRGfGSsW24oNPIM9N1ai2G0wUwJyqKpz5_04Wzamg\">Ucesce gradjana u procesu odlucivanja: I EU ZA SNAZNU DVOSMJERNU KOMUNIKACIJU<\/a><\/span><br \/>\n<span style=\"color: #3366ff; font-size: 12pt;\"><a style=\"color: #3366ff;\" href=\"http:\/\/mne.ul-info.com\/pravi-pocetak-digitalne-ere-elektronske-usluge-jacaju-prevenciju-i-bezbjednost-gradana\/\">Pravi pocetak digitalne ere: ELEKTRONSKE USLUGE JACAJU PREVENCIJU I BEZBJEDNOST GRADJANA<\/a><\/span><br \/>\n<span style=\"color: #3366ff; font-size: 12pt;\"><a style=\"color: #3366ff;\" href=\"http:\/\/mne.ul-info.com\/kreativnost-u-vrijeme-pandemije-psiholoska-pomoc-preko-e-servisa\/?fbclid=IwAR2UmcwrIeXSBKI6TnEnyNhILW4U4q9TYNYJieHznnZ3VgkseQRLmVx1UC4\">Kreativnost u vrijeme pandemije: PSIHOLOSKA POMOC PREKO E-SERVISA<\/a><\/span><br \/>\n<span style=\"color: #3366ff; font-size: 12pt;\"><a style=\"color: #3366ff;\" href=\"http:\/\/mne.ul-info.com\/proces-digitalizacija-primjer-litvanije-poucan-za-balkan\/?fbclid=IwAR1qvxpJwgi1NHoLmjX71gsxzncyL_trFIbEYNGUA0J1B1lnEAbL0NiPk6A\">Proces digitalizacija: PRIMJER LITVANIJE POUCAN ZA BALKAN<\/a><\/span><br \/>\n<span style=\"color: #3366ff; font-size: 12pt;\"><a style=\"color: #3366ff;\" href=\"http:\/\/mne.ul-info.com\/novi-zakon-o-e-upravi-za-bolju-interakciju-gradjana-privrede-i-administracije\/\">Novi zakon o E-upravi: ZA BOLJU INTERAKCIJU GRADJANA, PRIVREDE I ADMINISTRACIJE<\/a><\/span><br \/>\n<span style=\"color: #3366ff; font-size: 12pt;\"><a style=\"color: #3366ff;\" href=\"http:\/\/mne.ul-info.com\/e-usluge-korona-ubrzala-digitalnu-transformaciju-javne-uprave\/?fbclid=IwAR2k42u5fGUWW4tUGRrHqosRvm2-xnGSBMbFlQ1U1SytaoGkIwqnGSQ5ewQ\">E-usluge: KORONA UBRZALA DIGITALNU TRANSFORMACIJU JAVNE UPRAVE<\/a><\/span><\/p>\n<hr>\n<p><span style=\"color: #0000ff;\"><span style=\"color: #000000;\"><span class=\"text_exposed_show\"><br \/>\n<\/span><\/span><strong><br \/>\n<\/strong><\/span><\/p>\n","protected":false},"excerpt":{"rendered":"<p>NVO Novi Horizont i Gradska biblioteka upu\u0107uju poziv omladinskim liderima i civilnim aktivistima iz Ulcinja da se prijave na trening programu &#8216;Ja\u010danje kompetencija za gra\u0111ansku participaciju&#8217;. Program obuke obuhvata ciklus od pet jednodnevnih trening-seminara i usmjeren je ka unaprije\u0111enju znanja omladinskih aktivista o konceptu lokalne samouprave, njenoj ulozi u organizaciji dr\u017eave, polo\u017eaju Skup\u0161tine op\u0161tine, predsjednika [&hellip;]<\/p>\n","protected":false},"author":1,"featured_media":9306,"comment_status":"open","ping_status":"open","sticky":false,"template":"","format":"standard","meta":{"_et_pb_use_builder":"off","_et_pb_old_content":"","_et_gb_content_width":"","ngg_post_thumbnail":0,"slim_seo":{"title":"ZA MOJ GLAS U MOJOJ OP\u0160TINI - New Horizon NGO","description":"NVO Novi Horizont i Gradska biblioteka upu\u0107uju poziv omladinskim liderima i civilnim aktivistima iz Ulcinja da se prijave na trening programu ' Ja\u010danje kompeten"},"footnotes":""},"categories":[51,52],"tags":[],"class_list":["post-9159","post","type-post","status-publish","format-standard","has-post-thumbnail","hentry","category-aktivnosti","category-projekti","et-has-post-format-content","et_post_format-et-post-format-standard"],"_links":{"self":[{"href":"https:\/\/www.ngo-horizonti.org\/mne\/wp-json\/wp\/v2\/posts\/9159","targetHints":{"allow":["GET"]}}],"collection":[{"href":"https:\/\/www.ngo-horizonti.org\/mne\/wp-json\/wp\/v2\/posts"}],"about":[{"href":"https:\/\/www.ngo-horizonti.org\/mne\/wp-json\/wp\/v2\/types\/post"}],"author":[{"embeddable":true,"href":"https:\/\/www.ngo-horizonti.org\/mne\/wp-json\/wp\/v2\/users\/1"}],"replies":[{"embeddable":true,"href":"https:\/\/www.ngo-horizonti.org\/mne\/wp-json\/wp\/v2\/comments?post=9159"}],"version-history":[{"count":10,"href":"https:\/\/www.ngo-horizonti.org\/mne\/wp-json\/wp\/v2\/posts\/9159\/revisions"}],"predecessor-version":[{"id":10016,"href":"https:\/\/www.ngo-horizonti.org\/mne\/wp-json\/wp\/v2\/posts\/9159\/revisions\/10016"}],"wp:featuredmedia":[{"embeddable":true,"href":"https:\/\/www.ngo-horizonti.org\/mne\/wp-json\/wp\/v2\/media\/9306"}],"wp:attachment":[{"href":"https:\/\/www.ngo-horizonti.org\/mne\/wp-json\/wp\/v2\/media?parent=9159"}],"wp:term":[{"taxonomy":"category","embeddable":true,"href":"https:\/\/www.ngo-horizonti.org\/mne\/wp-json\/wp\/v2\/categories?post=9159"},{"taxonomy":"post_tag","embeddable":true,"href":"https:\/\/www.ngo-horizonti.org\/mne\/wp-json\/wp\/v2\/tags?post=9159"}],"curies":[{"name":"wp","href":"https:\/\/api.w.org\/{rel}","templated":true}]}}