{"id":3429,"date":"2011-09-28T12:48:16","date_gmt":"2011-09-28T11:48:16","guid":{"rendered":"http:\/\/www.ngo-horizonti.org\/mne\/?p=3429"},"modified":"2020-01-27T10:36:59","modified_gmt":"2020-01-27T09:36:59","slug":"mladi-u-integracijama","status":"publish","type":"post","link":"https:\/\/www.ngo-horizonti.org\/mne\/mladi-u-integracijama\/","title":{"rendered":"Mladi u Integracijama"},"content":{"rendered":"<p>Cilj projekta je da svojim aktivnostima pove\u0107a&nbsp;informisanost o evro-atlantskim integracijama kao&nbsp;i da pru\u017ei mogu\u0107nost mladima u Ulcinju da kroz&nbsp;predavanja i dru\u017eenje steknu nova saznanja i da&nbsp;upoznaju vrijednosti predstoje\u0107ih integracionih&nbsp;procesa. S obzirom da se projekat realizuje u&nbsp;multinacionalnoj sredini, jedan od njegovih ciljeva&nbsp;je da se doprinese i daljnjoj toleranciji kao i&nbsp;razvoju multikulturalizma me\u0111u mladima u ovoj op\u0161tini.<\/p>\n<p>Projekat se realizuje u saradnji sa Koordinacionim timom za implemetaciju&nbsp;Komunikacione strategije o evroatlantskim integracijama (Vlade CG).<\/p>\n<p style=\"text-align: center;\">Mladi u Integracijama<br \/>\nLEAFLET<\/p>\n<p><center><iframe loading=\"lazy\" src=\"\/\/e.issuu.com\/embed.html#2263551\/32170181\" width=\"650\" height=\"244\" frameborder=\"0\" allowfullscreen=\"allowfullscreen\"><\/iframe><\/center><\/p>\n<hr>\n<p style=\"text-align: justify;\">U sklopu ovog projekta, pokrenuli smo ciklus od pet \u010dlanaka na albanskom jeziku, koje&nbsp;\u0107e objaviti nedeljnik KOHA JAVORE.<\/p>\n<p><center>[pdf-embedder url=&#8221;https:\/\/www.ngo-horizonti.org\/wp-content\/uploads\/2015\/12\/koha-javore-youth-in-integration-articles.pdf&#8221;]<\/center><\/p>\n<hr>\n<p>&nbsp;<\/p>\nngg_shortcode_0_placeholder\n<hr>\n<p>&nbsp;<\/p>\n","protected":false},"excerpt":{"rendered":"<p>Cilj projekta je da svojim aktivnostima pove\u0107a&nbsp;informisanost o evro-atlantskim integracijama kao&nbsp;i da pru\u017ei mogu\u0107nost mladima u Ulcinju da kroz&nbsp;predavanja i dru\u017eenje steknu nova saznanja i da&nbsp;upoznaju vrijednosti predstoje\u0107ih integracionih&nbsp;procesa. S obzirom da se projekat realizuje u&nbsp;multinacionalnoj sredini, jedan od njegovih ciljeva&nbsp;je da se doprinese i daljnjoj toleranciji kao i&nbsp;razvoju multikulturalizma me\u0111u mladima u ovoj op\u0161tini. [&hellip;]<\/p>\n","protected":false},"author":1,"featured_media":3427,"comment_status":"closed","ping_status":"closed","sticky":false,"template":"","format":"standard","meta":{"_et_pb_use_builder":"","_et_pb_old_content":"","_et_gb_content_width":"","ngg_post_thumbnail":0,"slim_seo":{"title":"Mladi u Integracijama - New Horizon NGO","description":"Cilj projekta je da svojim aktivnostima pove\u0107a&nbsp;informisanost o evro-atlantskim integracijama kao&nbsp;i da pru\u017ei mogu\u0107nost mladima u Ulcinju da kroz&nbsp;p"},"footnotes":""},"categories":[52],"tags":[],"class_list":["post-3429","post","type-post","status-publish","format-standard","has-post-thumbnail","hentry","category-projekti","et-has-post-format-content","et_post_format-et-post-format-standard"],"_links":{"self":[{"href":"https:\/\/www.ngo-horizonti.org\/mne\/wp-json\/wp\/v2\/posts\/3429","targetHints":{"allow":["GET"]}}],"collection":[{"href":"https:\/\/www.ngo-horizonti.org\/mne\/wp-json\/wp\/v2\/posts"}],"about":[{"href":"https:\/\/www.ngo-horizonti.org\/mne\/wp-json\/wp\/v2\/types\/post"}],"author":[{"embeddable":true,"href":"https:\/\/www.ngo-horizonti.org\/mne\/wp-json\/wp\/v2\/users\/1"}],"replies":[{"embeddable":true,"href":"https:\/\/www.ngo-horizonti.org\/mne\/wp-json\/wp\/v2\/comments?post=3429"}],"version-history":[{"count":3,"href":"https:\/\/www.ngo-horizonti.org\/mne\/wp-json\/wp\/v2\/posts\/3429\/revisions"}],"predecessor-version":[{"id":9413,"href":"https:\/\/www.ngo-horizonti.org\/mne\/wp-json\/wp\/v2\/posts\/3429\/revisions\/9413"}],"wp:featuredmedia":[{"embeddable":true,"href":"https:\/\/www.ngo-horizonti.org\/mne\/wp-json\/wp\/v2\/media\/3427"}],"wp:attachment":[{"href":"https:\/\/www.ngo-horizonti.org\/mne\/wp-json\/wp\/v2\/media?parent=3429"}],"wp:term":[{"taxonomy":"category","embeddable":true,"href":"https:\/\/www.ngo-horizonti.org\/mne\/wp-json\/wp\/v2\/categories?post=3429"},{"taxonomy":"post_tag","embeddable":true,"href":"https:\/\/www.ngo-horizonti.org\/mne\/wp-json\/wp\/v2\/tags?post=3429"}],"curies":[{"name":"wp","href":"https:\/\/api.w.org\/{rel}","templated":true}]}}