{"id":3296,"date":"2011-05-03T14:28:13","date_gmt":"2011-05-03T13:28:13","guid":{"rendered":"http:\/\/www.ngo-horizonti.org\/mne\/?p=3296"},"modified":"2020-01-27T11:08:39","modified_gmt":"2020-01-27T10:08:39","slug":"u-susret-integracijama","status":"publish","type":"post","link":"https:\/\/www.ngo-horizonti.org\/mne\/u-susret-integracijama\/","title":{"rendered":"U susret Integracijama"},"content":{"rendered":"<p style=\"text-align: justify;\">Projekat &#8220;U SUSRET INTEGRACIJAMA&#8221; je nastavk&nbsp;aktivnosti zapo\u010detih prethodinih godina, namjenjenih&nbsp;mladima iz Ulcinja. Kako se dinamika evropskog i&nbsp;evro-atlantskog puta Crne Gore poja\u010dava, tako se i&nbsp;potreba za \u0161to ve\u0107om inkluzijom omaldine u ovaj&nbsp;proces pove\u0107ava iz dana u dan.<\/p>\n<p style=\"text-align: justify;\">Informacije koje mladi&nbsp;posjeduju o ovom procesu izuzetno su ograni\u010dene&nbsp;pogotovo u podru\u010djima gdje \u017eive manjine u Crnoj Gori,&nbsp;jer se zbog jezi\u010dke barijere prije svega, sve dostupne informacije ne prevode ili ne&nbsp;prenose u zadovoljavaju\u0107em nivou. Stim u vezi, NVO \u201cNovi Horizont\u201d, uz finansijku&nbsp;podr\u0161ku Ameri\u010dke Ambasade u Podgorici, nastavlja sa aktivnostima edukacije&nbsp;ulcinjske omladine o procesu evropskih i evro-atlantskih integracija kao i&nbsp;upoznavanja \u0161ire javsnosti sa informacijama koje \u0107e sa\u010dinjavati njihovu budu\u0107nost.<\/p>\n<p style=\"text-align: justify;\">Cilj projekta je da svojim aktivnostima pove\u0107a informisanost o evropskim i i evroatlantskim&nbsp;integracijama kao i da pru\u017ei mogu\u0107nost mladim ljudima u Ulcinju da&nbsp;kroz edukativne radionice i dru\u017eenje steknu nova saznanja i da upoznaju vrijednosti&nbsp;Evropeske Unije i NATO Alijanse.<br \/>\nPoseban naglasak \u0107emo staviti na prenos informacija na maternjem jeziku za \u0161iru&nbsp;populaciju kao i razvitak kriti\u010dke svjesti o promi\u0161ljanju istih.&nbsp;S obzirom da se projekat razvija u multinacionalnoj sredini, jedan od ciljeva projekta&nbsp;svakako jeste i da doprinos promociji tolerancije kao i razvoju multikulturalizma u&nbsp;na\u0161oj zajednici.<\/p>\n<hr>\n<p style=\"text-align: justify;\">U subotu 26.februara sve\u010dano je otvorena \u0160kola evroatlantskih&nbsp;integracija koja se realizuje u okviru projekta&nbsp;\u201eU SUSRET INTEGRACIJAMA\u201c. Otvaranje ove \u0161kole je&nbsp;na simboli\u010dan na\u010din ozna\u010dila \u0160efica Odjeljenja za medije i&nbsp;kulturu ameri\u010dke Ambasade u Podgorici, Shelly A. Seaver&nbsp;kao i gradona\u010delnik Ulcinja Gzim Hajdinaga.<\/p>\n<p style=\"text-align: justify;\"><!-- default-view.php -->\n<div\n\tclass=\"ngg-galleryoverview default-view\n\t ngg-ajax-pagination-none\t\"\n\tid=\"ngg-gallery-68404d7d0120394e9cbbd54614785f70-1\"\n\tdata-gallery-id=\"25\">\n\n\t\t<!-- Thumbnails -->\n\t\t\t\t<div id=\"ngg-image-0\" class=\"ngg-gallery-thumbnail-box\n\t\t\t\t\t\t\t\t\t\t\t\"\n\t\t\t>\n\t\t\t\t\t\t<div class=\"ngg-gallery-thumbnail\">\n\t\t\t<a href=\"https:\/\/www.ngo-horizonti.org\/wp-content\/gallery\/getting-ready-for-integrations-01\/skola-za-eu-integracije-opening-01.jpg\"\n\t\t\t\ttitle=\"\"\n\t\t\t\tdata-src=\"https:\/\/www.ngo-horizonti.org\/wp-content\/gallery\/getting-ready-for-integrations-01\/skola-za-eu-integracije-opening-01.jpg\"\n\t\t\t\tdata-thumbnail=\"https:\/\/www.ngo-horizonti.org\/wp-content\/gallery\/getting-ready-for-integrations-01\/thumbs\/thumbs_skola-za-eu-integracije-opening-01.jpg\"\n\t\t\t\tdata-image-id=\"181\"\n\t\t\t\tdata-title=\"skola za eu integracije opening 01\"\n\t\t\t\tdata-description=\"\"\n\t\t\t\tdata-image-slug=\"skola-za-eu-integracije-opening-01\"\n\t\t\t\t\t\t\t\t\t\t\t\t\t\t\t\t\t\t\t\tclass=\"ngg-fancybox\" rel=\"68404d7d0120394e9cbbd54614785f70\">\n\t\t\t\t\t\t\t\t<img\n\t\t\t\t\ttitle=\"skola za eu integracije opening 01\"\n\t\t\t\t\talt=\"skola za eu integracije opening 01\"\n\t\t\t\t\tsrc=\"https:\/\/www.ngo-horizonti.org\/wp-content\/gallery\/getting-ready-for-integrations-01\/cache\/skola-za-eu-integracije-opening-01.jpg-nggid03181-ngg0dyn-130x87x100-00f0w010c010r110f110r010t010.jpg\"\n\t\t\t\t\twidth=\"130\"\n\t\t\t\t\theight=\"83\"\n\t\t\t\t\tstyle=\"max-width:100%;\"\n\t\t\t\t\/>\n\t\t\t<\/a>\n\t\t<\/div>\n\t\t\t\t\t\t\t<\/div>\n\t\t\t\n\t\t\t\t<div id=\"ngg-image-1\" class=\"ngg-gallery-thumbnail-box\n\t\t\t\t\t\t\t\t\t\t\t\"\n\t\t\t>\n\t\t\t\t\t\t<div class=\"ngg-gallery-thumbnail\">\n\t\t\t<a href=\"https:\/\/www.ngo-horizonti.org\/wp-content\/gallery\/getting-ready-for-integrations-01\/skola-za-eu-integracije-opening-02.jpg\"\n\t\t\t\ttitle=\"\"\n\t\t\t\tdata-src=\"https:\/\/www.ngo-horizonti.org\/wp-content\/gallery\/getting-ready-for-integrations-01\/skola-za-eu-integracije-opening-02.jpg\"\n\t\t\t\tdata-thumbnail=\"https:\/\/www.ngo-horizonti.org\/wp-content\/gallery\/getting-ready-for-integrations-01\/thumbs\/thumbs_skola-za-eu-integracije-opening-02.jpg\"\n\t\t\t\tdata-image-id=\"182\"\n\t\t\t\tdata-title=\"skola za eu integracije opening 02\"\n\t\t\t\tdata-description=\"\"\n\t\t\t\tdata-image-slug=\"skola-za-eu-integracije-opening-02\"\n\t\t\t\t\t\t\t\t\t\t\t\t\t\t\t\t\t\t\t\tclass=\"ngg-fancybox\" rel=\"68404d7d0120394e9cbbd54614785f70\">\n\t\t\t\t\t\t\t\t<img\n\t\t\t\t\ttitle=\"skola za eu integracije opening 02\"\n\t\t\t\t\talt=\"skola za eu integracije opening 02\"\n\t\t\t\t\tsrc=\"https:\/\/www.ngo-horizonti.org\/wp-content\/gallery\/getting-ready-for-integrations-01\/cache\/skola-za-eu-integracije-opening-02.jpg-nggid03182-ngg0dyn-130x87x100-00f0w010c010r110f110r010t010.jpg\"\n\t\t\t\t\twidth=\"130\"\n\t\t\t\t\theight=\"76\"\n\t\t\t\t\tstyle=\"max-width:100%;\"\n\t\t\t\t\/>\n\t\t\t<\/a>\n\t\t<\/div>\n\t\t\t\t\t\t\t<\/div>\n\t\t\t\n\t\t\t\t<div id=\"ngg-image-2\" class=\"ngg-gallery-thumbnail-box\n\t\t\t\t\t\t\t\t\t\t\t\"\n\t\t\t>\n\t\t\t\t\t\t<div class=\"ngg-gallery-thumbnail\">\n\t\t\t<a href=\"https:\/\/www.ngo-horizonti.org\/wp-content\/gallery\/getting-ready-for-integrations-01\/skola-za-eu-integracije-opening-03.jpg\"\n\t\t\t\ttitle=\"\"\n\t\t\t\tdata-src=\"https:\/\/www.ngo-horizonti.org\/wp-content\/gallery\/getting-ready-for-integrations-01\/skola-za-eu-integracije-opening-03.jpg\"\n\t\t\t\tdata-thumbnail=\"https:\/\/www.ngo-horizonti.org\/wp-content\/gallery\/getting-ready-for-integrations-01\/thumbs\/thumbs_skola-za-eu-integracije-opening-03.jpg\"\n\t\t\t\tdata-image-id=\"183\"\n\t\t\t\tdata-title=\"skola za eu integracije opening 03\"\n\t\t\t\tdata-description=\"\"\n\t\t\t\tdata-image-slug=\"skola-za-eu-integracije-opening-03\"\n\t\t\t\t\t\t\t\t\t\t\t\t\t\t\t\t\t\t\t\tclass=\"ngg-fancybox\" rel=\"68404d7d0120394e9cbbd54614785f70\">\n\t\t\t\t\t\t\t\t<img\n\t\t\t\t\ttitle=\"skola za eu integracije opening 03\"\n\t\t\t\t\talt=\"skola za eu integracije opening 03\"\n\t\t\t\t\tsrc=\"https:\/\/www.ngo-horizonti.org\/wp-content\/gallery\/getting-ready-for-integrations-01\/cache\/skola-za-eu-integracije-opening-03.jpg-nggid03183-ngg0dyn-130x87x100-00f0w010c010r110f110r010t010.jpg\"\n\t\t\t\t\twidth=\"130\"\n\t\t\t\t\theight=\"87\"\n\t\t\t\t\tstyle=\"max-width:100%;\"\n\t\t\t\t\/>\n\t\t\t<\/a>\n\t\t<\/div>\n\t\t\t\t\t\t\t<\/div>\n\t\t\t\n\t\t\t\t<div id=\"ngg-image-3\" class=\"ngg-gallery-thumbnail-box\n\t\t\t\t\t\t\t\t\t\t\t\"\n\t\t\t>\n\t\t\t\t\t\t<div class=\"ngg-gallery-thumbnail\">\n\t\t\t<a href=\"https:\/\/www.ngo-horizonti.org\/wp-content\/gallery\/getting-ready-for-integrations-01\/skola-za-eu-integracije-opening-04.jpg\"\n\t\t\t\ttitle=\"\"\n\t\t\t\tdata-src=\"https:\/\/www.ngo-horizonti.org\/wp-content\/gallery\/getting-ready-for-integrations-01\/skola-za-eu-integracije-opening-04.jpg\"\n\t\t\t\tdata-thumbnail=\"https:\/\/www.ngo-horizonti.org\/wp-content\/gallery\/getting-ready-for-integrations-01\/thumbs\/thumbs_skola-za-eu-integracije-opening-04.jpg\"\n\t\t\t\tdata-image-id=\"184\"\n\t\t\t\tdata-title=\"skola za eu integracije opening 04\"\n\t\t\t\tdata-description=\"\"\n\t\t\t\tdata-image-slug=\"skola-za-eu-integracije-opening-04\"\n\t\t\t\t\t\t\t\t\t\t\t\t\t\t\t\t\t\t\t\tclass=\"ngg-fancybox\" rel=\"68404d7d0120394e9cbbd54614785f70\">\n\t\t\t\t\t\t\t\t<img\n\t\t\t\t\ttitle=\"skola za eu integracije opening 04\"\n\t\t\t\t\talt=\"skola za eu integracije opening 04\"\n\t\t\t\t\tsrc=\"https:\/\/www.ngo-horizonti.org\/wp-content\/gallery\/getting-ready-for-integrations-01\/cache\/skola-za-eu-integracije-opening-04.jpg-nggid03184-ngg0dyn-130x87x100-00f0w010c010r110f110r010t010.jpg\"\n\t\t\t\t\twidth=\"130\"\n\t\t\t\t\theight=\"80\"\n\t\t\t\t\tstyle=\"max-width:100%;\"\n\t\t\t\t\/>\n\t\t\t<\/a>\n\t\t<\/div>\n\t\t\t\t\t\t\t<\/div>\n\t\t\t\n\t\t\t\t<div id=\"ngg-image-4\" class=\"ngg-gallery-thumbnail-box\n\t\t\t\t\t\t\t\t\t\t\t\"\n\t\t\t>\n\t\t\t\t\t\t<div class=\"ngg-gallery-thumbnail\">\n\t\t\t<a href=\"https:\/\/www.ngo-horizonti.org\/wp-content\/gallery\/getting-ready-for-integrations-01\/skola-za-eu-integracije-opening-05.jpg\"\n\t\t\t\ttitle=\"\"\n\t\t\t\tdata-src=\"https:\/\/www.ngo-horizonti.org\/wp-content\/gallery\/getting-ready-for-integrations-01\/skola-za-eu-integracije-opening-05.jpg\"\n\t\t\t\tdata-thumbnail=\"https:\/\/www.ngo-horizonti.org\/wp-content\/gallery\/getting-ready-for-integrations-01\/thumbs\/thumbs_skola-za-eu-integracije-opening-05.jpg\"\n\t\t\t\tdata-image-id=\"185\"\n\t\t\t\tdata-title=\"skola za eu integracije opening 05\"\n\t\t\t\tdata-description=\"\"\n\t\t\t\tdata-image-slug=\"skola-za-eu-integracije-opening-05\"\n\t\t\t\t\t\t\t\t\t\t\t\t\t\t\t\t\t\t\t\tclass=\"ngg-fancybox\" rel=\"68404d7d0120394e9cbbd54614785f70\">\n\t\t\t\t\t\t\t\t<img\n\t\t\t\t\ttitle=\"skola za eu integracije opening 05\"\n\t\t\t\t\talt=\"skola za eu integracije opening 05\"\n\t\t\t\t\tsrc=\"https:\/\/www.ngo-horizonti.org\/wp-content\/gallery\/getting-ready-for-integrations-01\/cache\/skola-za-eu-integracije-opening-05.jpg-nggid03185-ngg0dyn-130x87x100-00f0w010c010r110f110r010t010.jpg\"\n\t\t\t\t\twidth=\"130\"\n\t\t\t\t\theight=\"87\"\n\t\t\t\t\tstyle=\"max-width:100%;\"\n\t\t\t\t\/>\n\t\t\t<\/a>\n\t\t<\/div>\n\t\t\t\t\t\t\t<\/div>\n\t\t\t\n\t\t\t\t<div id=\"ngg-image-5\" class=\"ngg-gallery-thumbnail-box\n\t\t\t\t\t\t\t\t\t\t\t\"\n\t\t\t>\n\t\t\t\t\t\t<div class=\"ngg-gallery-thumbnail\">\n\t\t\t<a href=\"https:\/\/www.ngo-horizonti.org\/wp-content\/gallery\/getting-ready-for-integrations-01\/skola-za-eu-integracije-opening-06.jpg\"\n\t\t\t\ttitle=\"\"\n\t\t\t\tdata-src=\"https:\/\/www.ngo-horizonti.org\/wp-content\/gallery\/getting-ready-for-integrations-01\/skola-za-eu-integracije-opening-06.jpg\"\n\t\t\t\tdata-thumbnail=\"https:\/\/www.ngo-horizonti.org\/wp-content\/gallery\/getting-ready-for-integrations-01\/thumbs\/thumbs_skola-za-eu-integracije-opening-06.jpg\"\n\t\t\t\tdata-image-id=\"186\"\n\t\t\t\tdata-title=\"skola za eu integracije opening 06\"\n\t\t\t\tdata-description=\"\"\n\t\t\t\tdata-image-slug=\"skola-za-eu-integracije-opening-06\"\n\t\t\t\t\t\t\t\t\t\t\t\t\t\t\t\t\t\t\t\tclass=\"ngg-fancybox\" rel=\"68404d7d0120394e9cbbd54614785f70\">\n\t\t\t\t\t\t\t\t<img\n\t\t\t\t\ttitle=\"skola za eu integracije opening 06\"\n\t\t\t\t\talt=\"skola za eu integracije opening 06\"\n\t\t\t\t\tsrc=\"https:\/\/www.ngo-horizonti.org\/wp-content\/gallery\/getting-ready-for-integrations-01\/cache\/skola-za-eu-integracije-opening-06.jpg-nggid03186-ngg0dyn-130x87x100-00f0w010c010r110f110r010t010.jpg\"\n\t\t\t\t\twidth=\"130\"\n\t\t\t\t\theight=\"87\"\n\t\t\t\t\tstyle=\"max-width:100%;\"\n\t\t\t\t\/>\n\t\t\t<\/a>\n\t\t<\/div>\n\t\t\t\t\t\t\t<\/div>\n\t\t\t\n\t\t\t\t<div id=\"ngg-image-6\" class=\"ngg-gallery-thumbnail-box\n\t\t\t\t\t\t\t\t\t\t\t\"\n\t\t\t>\n\t\t\t\t\t\t<div class=\"ngg-gallery-thumbnail\">\n\t\t\t<a href=\"https:\/\/www.ngo-horizonti.org\/wp-content\/gallery\/getting-ready-for-integrations-01\/skola-za-eu-integracije-opening-07.jpg\"\n\t\t\t\ttitle=\"\"\n\t\t\t\tdata-src=\"https:\/\/www.ngo-horizonti.org\/wp-content\/gallery\/getting-ready-for-integrations-01\/skola-za-eu-integracije-opening-07.jpg\"\n\t\t\t\tdata-thumbnail=\"https:\/\/www.ngo-horizonti.org\/wp-content\/gallery\/getting-ready-for-integrations-01\/thumbs\/thumbs_skola-za-eu-integracije-opening-07.jpg\"\n\t\t\t\tdata-image-id=\"187\"\n\t\t\t\tdata-title=\"skola za eu integracije opening 07\"\n\t\t\t\tdata-description=\"\"\n\t\t\t\tdata-image-slug=\"skola-za-eu-integracije-opening-07\"\n\t\t\t\t\t\t\t\t\t\t\t\t\t\t\t\t\t\t\t\tclass=\"ngg-fancybox\" rel=\"68404d7d0120394e9cbbd54614785f70\">\n\t\t\t\t\t\t\t\t<img\n\t\t\t\t\ttitle=\"skola za eu integracije opening 07\"\n\t\t\t\t\talt=\"skola za eu integracije opening 07\"\n\t\t\t\t\tsrc=\"https:\/\/www.ngo-horizonti.org\/wp-content\/gallery\/getting-ready-for-integrations-01\/cache\/skola-za-eu-integracije-opening-07.jpg-nggid03187-ngg0dyn-130x87x100-00f0w010c010r110f110r010t010.jpg\"\n\t\t\t\t\twidth=\"130\"\n\t\t\t\t\theight=\"87\"\n\t\t\t\t\tstyle=\"max-width:100%;\"\n\t\t\t\t\/>\n\t\t\t<\/a>\n\t\t<\/div>\n\t\t\t\t\t\t\t<\/div>\n\t\t\t\n\t\t\t\t<div id=\"ngg-image-7\" class=\"ngg-gallery-thumbnail-box\n\t\t\t\t\t\t\t\t\t\t\t\"\n\t\t\t>\n\t\t\t\t\t\t<div class=\"ngg-gallery-thumbnail\">\n\t\t\t<a href=\"https:\/\/www.ngo-horizonti.org\/wp-content\/gallery\/getting-ready-for-integrations-01\/skola-za-eu-integracije-opening-08.jpg\"\n\t\t\t\ttitle=\"\"\n\t\t\t\tdata-src=\"https:\/\/www.ngo-horizonti.org\/wp-content\/gallery\/getting-ready-for-integrations-01\/skola-za-eu-integracije-opening-08.jpg\"\n\t\t\t\tdata-thumbnail=\"https:\/\/www.ngo-horizonti.org\/wp-content\/gallery\/getting-ready-for-integrations-01\/thumbs\/thumbs_skola-za-eu-integracije-opening-08.jpg\"\n\t\t\t\tdata-image-id=\"188\"\n\t\t\t\tdata-title=\"skola za eu integracije opening 08\"\n\t\t\t\tdata-description=\"\"\n\t\t\t\tdata-image-slug=\"skola-za-eu-integracije-opening-08\"\n\t\t\t\t\t\t\t\t\t\t\t\t\t\t\t\t\t\t\t\tclass=\"ngg-fancybox\" rel=\"68404d7d0120394e9cbbd54614785f70\">\n\t\t\t\t\t\t\t\t<img\n\t\t\t\t\ttitle=\"skola za eu integracije opening 08\"\n\t\t\t\t\talt=\"skola za eu integracije opening 08\"\n\t\t\t\t\tsrc=\"https:\/\/www.ngo-horizonti.org\/wp-content\/gallery\/getting-ready-for-integrations-01\/cache\/skola-za-eu-integracije-opening-08.jpg-nggid03188-ngg0dyn-130x87x100-00f0w010c010r110f110r010t010.jpg\"\n\t\t\t\t\twidth=\"130\"\n\t\t\t\t\theight=\"69\"\n\t\t\t\t\tstyle=\"max-width:100%;\"\n\t\t\t\t\/>\n\t\t\t<\/a>\n\t\t<\/div>\n\t\t\t\t\t\t\t<\/div>\n\t\t\t\n\t\t\t\t<div id=\"ngg-image-8\" class=\"ngg-gallery-thumbnail-box\n\t\t\t\t\t\t\t\t\t\t\t\"\n\t\t\t>\n\t\t\t\t\t\t<div class=\"ngg-gallery-thumbnail\">\n\t\t\t<a href=\"https:\/\/www.ngo-horizonti.org\/wp-content\/gallery\/getting-ready-for-integrations-01\/skola-za-eu-integracije-opening-09.jpg\"\n\t\t\t\ttitle=\"\"\n\t\t\t\tdata-src=\"https:\/\/www.ngo-horizonti.org\/wp-content\/gallery\/getting-ready-for-integrations-01\/skola-za-eu-integracije-opening-09.jpg\"\n\t\t\t\tdata-thumbnail=\"https:\/\/www.ngo-horizonti.org\/wp-content\/gallery\/getting-ready-for-integrations-01\/thumbs\/thumbs_skola-za-eu-integracije-opening-09.jpg\"\n\t\t\t\tdata-image-id=\"189\"\n\t\t\t\tdata-title=\"skola za eu integracije opening 09\"\n\t\t\t\tdata-description=\"\"\n\t\t\t\tdata-image-slug=\"skola-za-eu-integracije-opening-09\"\n\t\t\t\t\t\t\t\t\t\t\t\t\t\t\t\t\t\t\t\tclass=\"ngg-fancybox\" rel=\"68404d7d0120394e9cbbd54614785f70\">\n\t\t\t\t\t\t\t\t<img\n\t\t\t\t\ttitle=\"skola za eu integracije opening 09\"\n\t\t\t\t\talt=\"skola za eu integracije opening 09\"\n\t\t\t\t\tsrc=\"https:\/\/www.ngo-horizonti.org\/wp-content\/gallery\/getting-ready-for-integrations-01\/cache\/skola-za-eu-integracije-opening-09.jpg-nggid03189-ngg0dyn-130x87x100-00f0w010c010r110f110r010t010.jpg\"\n\t\t\t\t\twidth=\"130\"\n\t\t\t\t\theight=\"67\"\n\t\t\t\t\tstyle=\"max-width:100%;\"\n\t\t\t\t\/>\n\t\t\t<\/a>\n\t\t<\/div>\n\t\t\t\t\t\t\t<\/div>\n\t\t\t\n\t\t\t\t<div id=\"ngg-image-9\" class=\"ngg-gallery-thumbnail-box\n\t\t\t\t\t\t\t\t\t\t\t\"\n\t\t\t>\n\t\t\t\t\t\t<div class=\"ngg-gallery-thumbnail\">\n\t\t\t<a href=\"https:\/\/www.ngo-horizonti.org\/wp-content\/gallery\/getting-ready-for-integrations-01\/skola-za-eu-integracije-opening-10.jpg\"\n\t\t\t\ttitle=\"\"\n\t\t\t\tdata-src=\"https:\/\/www.ngo-horizonti.org\/wp-content\/gallery\/getting-ready-for-integrations-01\/skola-za-eu-integracije-opening-10.jpg\"\n\t\t\t\tdata-thumbnail=\"https:\/\/www.ngo-horizonti.org\/wp-content\/gallery\/getting-ready-for-integrations-01\/thumbs\/thumbs_skola-za-eu-integracije-opening-10.jpg\"\n\t\t\t\tdata-image-id=\"190\"\n\t\t\t\tdata-title=\"skola za eu integracije opening 10\"\n\t\t\t\tdata-description=\"\"\n\t\t\t\tdata-image-slug=\"skola-za-eu-integracije-opening-10\"\n\t\t\t\t\t\t\t\t\t\t\t\t\t\t\t\t\t\t\t\tclass=\"ngg-fancybox\" rel=\"68404d7d0120394e9cbbd54614785f70\">\n\t\t\t\t\t\t\t\t<img\n\t\t\t\t\ttitle=\"skola za eu integracije opening 10\"\n\t\t\t\t\talt=\"skola za eu integracije opening 10\"\n\t\t\t\t\tsrc=\"https:\/\/www.ngo-horizonti.org\/wp-content\/gallery\/getting-ready-for-integrations-01\/cache\/skola-za-eu-integracije-opening-10.jpg-nggid03190-ngg0dyn-130x87x100-00f0w010c010r110f110r010t010.jpg\"\n\t\t\t\t\twidth=\"65\"\n\t\t\t\t\theight=\"87\"\n\t\t\t\t\tstyle=\"max-width:100%;\"\n\t\t\t\t\/>\n\t\t\t<\/a>\n\t\t<\/div>\n\t\t\t\t\t\t\t<\/div>\n\t\t\t\n\t\t\t\t<div id=\"ngg-image-10\" class=\"ngg-gallery-thumbnail-box\n\t\t\t\t\t\t\t\t\t\t\t\"\n\t\t\t>\n\t\t\t\t\t\t<div class=\"ngg-gallery-thumbnail\">\n\t\t\t<a href=\"https:\/\/www.ngo-horizonti.org\/wp-content\/gallery\/getting-ready-for-integrations-01\/skola-za-eu-integracije-opening-11.jpg\"\n\t\t\t\ttitle=\"\"\n\t\t\t\tdata-src=\"https:\/\/www.ngo-horizonti.org\/wp-content\/gallery\/getting-ready-for-integrations-01\/skola-za-eu-integracije-opening-11.jpg\"\n\t\t\t\tdata-thumbnail=\"https:\/\/www.ngo-horizonti.org\/wp-content\/gallery\/getting-ready-for-integrations-01\/thumbs\/thumbs_skola-za-eu-integracije-opening-11.jpg\"\n\t\t\t\tdata-image-id=\"191\"\n\t\t\t\tdata-title=\"skola za eu integracije opening 11\"\n\t\t\t\tdata-description=\"\"\n\t\t\t\tdata-image-slug=\"skola-za-eu-integracije-opening-11\"\n\t\t\t\t\t\t\t\t\t\t\t\t\t\t\t\t\t\t\t\tclass=\"ngg-fancybox\" rel=\"68404d7d0120394e9cbbd54614785f70\">\n\t\t\t\t\t\t\t\t<img\n\t\t\t\t\ttitle=\"skola za eu integracije opening 11\"\n\t\t\t\t\talt=\"skola za eu integracije opening 11\"\n\t\t\t\t\tsrc=\"https:\/\/www.ngo-horizonti.org\/wp-content\/gallery\/getting-ready-for-integrations-01\/cache\/skola-za-eu-integracije-opening-11.jpg-nggid03191-ngg0dyn-130x87x100-00f0w010c010r110f110r010t010.jpg\"\n\t\t\t\t\twidth=\"130\"\n\t\t\t\t\theight=\"87\"\n\t\t\t\t\tstyle=\"max-width:100%;\"\n\t\t\t\t\/>\n\t\t\t<\/a>\n\t\t<\/div>\n\t\t\t\t\t\t\t<\/div>\n\t\t\t\n\t\t\t\t<div id=\"ngg-image-11\" class=\"ngg-gallery-thumbnail-box\n\t\t\t\t\t\t\t\t\t\t\t\"\n\t\t\t>\n\t\t\t\t\t\t<div class=\"ngg-gallery-thumbnail\">\n\t\t\t<a href=\"https:\/\/www.ngo-horizonti.org\/wp-content\/gallery\/getting-ready-for-integrations-01\/skola-za-eu-integracije-opening-12.jpg\"\n\t\t\t\ttitle=\"\"\n\t\t\t\tdata-src=\"https:\/\/www.ngo-horizonti.org\/wp-content\/gallery\/getting-ready-for-integrations-01\/skola-za-eu-integracije-opening-12.jpg\"\n\t\t\t\tdata-thumbnail=\"https:\/\/www.ngo-horizonti.org\/wp-content\/gallery\/getting-ready-for-integrations-01\/thumbs\/thumbs_skola-za-eu-integracije-opening-12.jpg\"\n\t\t\t\tdata-image-id=\"192\"\n\t\t\t\tdata-title=\"skola za eu integracije opening 12\"\n\t\t\t\tdata-description=\"\"\n\t\t\t\tdata-image-slug=\"skola-za-eu-integracije-opening-12\"\n\t\t\t\t\t\t\t\t\t\t\t\t\t\t\t\t\t\t\t\tclass=\"ngg-fancybox\" rel=\"68404d7d0120394e9cbbd54614785f70\">\n\t\t\t\t\t\t\t\t<img\n\t\t\t\t\ttitle=\"skola za eu integracije opening 12\"\n\t\t\t\t\talt=\"skola za eu integracije opening 12\"\n\t\t\t\t\tsrc=\"https:\/\/www.ngo-horizonti.org\/wp-content\/gallery\/getting-ready-for-integrations-01\/cache\/skola-za-eu-integracije-opening-12.jpg-nggid03192-ngg0dyn-130x87x100-00f0w010c010r110f110r010t010.jpg\"\n\t\t\t\t\twidth=\"63\"\n\t\t\t\t\theight=\"87\"\n\t\t\t\t\tstyle=\"max-width:100%;\"\n\t\t\t\t\/>\n\t\t\t<\/a>\n\t\t<\/div>\n\t\t\t\t\t\t\t<\/div>\n\t\t\t\n\t\n\t<br style=\"clear: both\" \/>\n\n\t\n\t\t<!-- Pagination -->\n\t\t<div class='ngg-clear'><\/div>\t<\/div>\n<\/p>\n<hr>\n<h3>Radionice<\/h3>\nngg_shortcode_0_placeholder\n<hr>\n<p style=\"text-align: justify;\">Polaznici \u0160kole o euro-atlantskim integracijama, koja je&nbsp;organizovana u Ulcinju (od 26. Februara), dobili diplome&nbsp;o ste\u010denim znanjima i iskustvima. Prigodna cermonija se&nbsp;odr\u017eala u Ameri\u010dkom Uglu u Podgorici, a ulcinjskim&nbsp;srednjo\u0161kolcima diplome je uru\u010dio g. Bennett Y.&nbsp;Lowenthal &#8211; Charg\u00e9 d\u2019Affairs, a.i<\/p>\nngg_shortcode_1_placeholder\n<hr>\n<p>&nbsp;<\/p>\n","protected":false},"excerpt":{"rendered":"<p>Projekat &#8220;U SUSRET INTEGRACIJAMA&#8221; je nastavk&nbsp;aktivnosti zapo\u010detih prethodinih godina, namjenjenih&nbsp;mladima iz Ulcinja. Kako se dinamika evropskog i&nbsp;evro-atlantskog puta Crne Gore poja\u010dava, tako se i&nbsp;potreba za \u0161to ve\u0107om inkluzijom omaldine u ovaj&nbsp;proces pove\u0107ava iz dana u dan. Informacije koje mladi&nbsp;posjeduju o ovom procesu izuzetno su ograni\u010dene&nbsp;pogotovo u podru\u010djima gdje \u017eive manjine u Crnoj Gori,&nbsp;jer se zbog [&hellip;]<\/p>\n","protected":false},"author":1,"featured_media":3179,"comment_status":"closed","ping_status":"closed","sticky":false,"template":"","format":"standard","meta":{"_et_pb_use_builder":"","_et_pb_old_content":"","_et_gb_content_width":"","ngg_post_thumbnail":0,"slim_seo":{"title":"U susret Integracijama - New Horizon NGO","description":"Projekat \"U SUSRET INTEGRACIJAMA\" je nastavk&nbsp;aktivnosti zapo\u010detih prethodinih godina, namjenjenih&nbsp;mladima iz Ulcinja. Kako se dinamika evropskog i&nbs"},"footnotes":""},"categories":[52],"tags":[],"class_list":["post-3296","post","type-post","status-publish","format-standard","has-post-thumbnail","hentry","category-projekti","et-has-post-format-content","et_post_format-et-post-format-standard"],"_links":{"self":[{"href":"https:\/\/www.ngo-horizonti.org\/mne\/wp-json\/wp\/v2\/posts\/3296","targetHints":{"allow":["GET"]}}],"collection":[{"href":"https:\/\/www.ngo-horizonti.org\/mne\/wp-json\/wp\/v2\/posts"}],"about":[{"href":"https:\/\/www.ngo-horizonti.org\/mne\/wp-json\/wp\/v2\/types\/post"}],"author":[{"embeddable":true,"href":"https:\/\/www.ngo-horizonti.org\/mne\/wp-json\/wp\/v2\/users\/1"}],"replies":[{"embeddable":true,"href":"https:\/\/www.ngo-horizonti.org\/mne\/wp-json\/wp\/v2\/comments?post=3296"}],"version-history":[{"count":6,"href":"https:\/\/www.ngo-horizonti.org\/mne\/wp-json\/wp\/v2\/posts\/3296\/revisions"}],"predecessor-version":[{"id":9431,"href":"https:\/\/www.ngo-horizonti.org\/mne\/wp-json\/wp\/v2\/posts\/3296\/revisions\/9431"}],"wp:featuredmedia":[{"embeddable":true,"href":"https:\/\/www.ngo-horizonti.org\/mne\/wp-json\/wp\/v2\/media\/3179"}],"wp:attachment":[{"href":"https:\/\/www.ngo-horizonti.org\/mne\/wp-json\/wp\/v2\/media?parent=3296"}],"wp:term":[{"taxonomy":"category","embeddable":true,"href":"https:\/\/www.ngo-horizonti.org\/mne\/wp-json\/wp\/v2\/categories?post=3296"},{"taxonomy":"post_tag","embeddable":true,"href":"https:\/\/www.ngo-horizonti.org\/mne\/wp-json\/wp\/v2\/tags?post=3296"}],"curies":[{"name":"wp","href":"https:\/\/api.w.org\/{rel}","templated":true}]}}