{"id":2954,"date":"2009-05-11T12:11:51","date_gmt":"2009-05-11T11:11:51","guid":{"rendered":"http:\/\/www.ngo-horizonti.org\/mne\/?p=2954"},"modified":"2020-01-27T11:28:00","modified_gmt":"2020-01-27T10:28:00","slug":"dan-evrope-2009","status":"publish","type":"post","link":"https:\/\/www.ngo-horizonti.org\/mne\/dan-evrope-2009\/","title":{"rendered":"Dan Evrope 2009"},"content":{"rendered":"<p style=\"text-align: justify;\">NVO Novi Horizont, u sklopu projekta \u201c<a href=\"https:\/\/www.ngo-horizonti.org\/mne\/evropa-za-sve\/\">Evropa&nbsp;za sve<\/a>\u201d koji je podr\u017ean od strane Fondacije Institut za&nbsp;otvoreno dru\u0161tvo, simboli\u010dno je obilje\u017eila Dan Evrope,&nbsp;9. maj.&nbsp;Ova aktivnost je na svoj na\u010din obilje\u017eila i kraj&nbsp;dvomjese\u010dnog edukativnog programa za ulcinjske&nbsp;maturante Evropskoj Uniji.<\/p>\n<p style=\"text-align: justify;\">Va\u017eno je podvu\u0107i da se jedan ovako zna\u010dajan projekat po prvi put odvijao u Ulcinju,&nbsp;koji je tako\u0111e na neki na\u010din dao i jednu novu dimenziju integracija na lokalnom&nbsp;nivou. Istovremeno omladina koja je iskazala veliko interesovanje za ovaj projekat,&nbsp;zasigurno mo\u017ee sada dati ve\u0107i doprinos u samom procesu koji po\u010deo u na\u0161oj&nbsp;dr\u017eavi.<\/p>\n<p style=\"text-align: justify;\">Na performansu koji je posebno oraganizovan za ovaj dan, u\u010destvovali su&nbsp;brojni gra\u0111ani, predstavnici javnih institucija, politi\u010dkih partija, lokalne&nbsp;administracije, civilnog sektora, itd. Posebnu vrijednost ove aktivnosti uvi\u0111amo i u \u010dinjenici da je&nbsp;Novi Horizont za ovu priliku publikovao i dvojezi\u010dnu bro\u0161uru pod&nbsp;nazivom \u201c<a href=\"https:\/\/www.ngo-horizonti.org\/wp-content\/uploads\/2015\/12\/evropa-za-sve-2009.pdf\" target=\"_blank\" rel=\"noopener noreferrer\">EVROPA ZA SVE<\/a>\u201d u kome su sadr\u017eani brojni tekstovi koji se odnose na&nbsp;proces Evropskih integracija.<\/p>\n<p style=\"text-align: justify;\">Znaju\u0107i da je proces evropskih integracija najzna\u010dajniji spoljno politi\u010dki proces koji se&nbsp;odvija u Crnoj Gori i da je na\u0161a zemlja u tom pravcu uradila brojne zna\u010dajne korake,&nbsp;zaklju\u010dujemo da je ovaj projekat dodatno potakao lokalni nivo na integracije, i uputio&nbsp;jasnu poruku da je na\u0161a zajednica bila i da \u017eeli biti dio velike evropske porodice.<\/p>\nngg_shortcode_0_placeholder\n<hr>\n<p>&nbsp;<\/p>\n","protected":false},"excerpt":{"rendered":"<p>NVO Novi Horizont, u sklopu projekta \u201cEvropa&nbsp;za sve\u201d koji je podr\u017ean od strane Fondacije Institut za&nbsp;otvoreno dru\u0161tvo, simboli\u010dno je obilje\u017eila Dan Evrope,&nbsp;9. maj.&nbsp;Ova aktivnost je na svoj na\u010din obilje\u017eila i kraj&nbsp;dvomjese\u010dnog edukativnog programa za ulcinjske&nbsp;maturante Evropskoj Uniji. Va\u017eno je podvu\u0107i da se jedan ovako zna\u010dajan projekat po prvi put odvijao u Ulcinju,&nbsp;koji je tako\u0111e na [&hellip;]<\/p>\n","protected":false},"author":1,"featured_media":2951,"comment_status":"closed","ping_status":"closed","sticky":false,"template":"","format":"standard","meta":{"_et_pb_use_builder":"","_et_pb_old_content":"","_et_gb_content_width":"","ngg_post_thumbnail":0,"slim_seo":{"title":"Dan Evrope 2009 - New Horizon NGO","description":"NVO Novi Horizont, u sklopu projekta \u201c Evropa&nbsp;za sve \u201d koji je podr\u017ean od strane Fondacije Institut za&nbsp;otvoreno dru\u0161tvo, simboli\u010dno je obilje\u017eila Dan"},"footnotes":""},"categories":[51],"tags":[55,57,56,54],"class_list":["post-2954","post","type-post","status-publish","format-standard","has-post-thumbnail","hentry","category-aktivnosti","tag-dan-evrope","tag-dialog","tag-eu-integracije","tag-mladi","et-has-post-format-content","et_post_format-et-post-format-standard"],"_links":{"self":[{"href":"https:\/\/www.ngo-horizonti.org\/mne\/wp-json\/wp\/v2\/posts\/2954","targetHints":{"allow":["GET"]}}],"collection":[{"href":"https:\/\/www.ngo-horizonti.org\/mne\/wp-json\/wp\/v2\/posts"}],"about":[{"href":"https:\/\/www.ngo-horizonti.org\/mne\/wp-json\/wp\/v2\/types\/post"}],"author":[{"embeddable":true,"href":"https:\/\/www.ngo-horizonti.org\/mne\/wp-json\/wp\/v2\/users\/1"}],"replies":[{"embeddable":true,"href":"https:\/\/www.ngo-horizonti.org\/mne\/wp-json\/wp\/v2\/comments?post=2954"}],"version-history":[{"count":4,"href":"https:\/\/www.ngo-horizonti.org\/mne\/wp-json\/wp\/v2\/posts\/2954\/revisions"}],"predecessor-version":[{"id":9451,"href":"https:\/\/www.ngo-horizonti.org\/mne\/wp-json\/wp\/v2\/posts\/2954\/revisions\/9451"}],"wp:featuredmedia":[{"embeddable":true,"href":"https:\/\/www.ngo-horizonti.org\/mne\/wp-json\/wp\/v2\/media\/2951"}],"wp:attachment":[{"href":"https:\/\/www.ngo-horizonti.org\/mne\/wp-json\/wp\/v2\/media?parent=2954"}],"wp:term":[{"taxonomy":"category","embeddable":true,"href":"https:\/\/www.ngo-horizonti.org\/mne\/wp-json\/wp\/v2\/categories?post=2954"},{"taxonomy":"post_tag","embeddable":true,"href":"https:\/\/www.ngo-horizonti.org\/mne\/wp-json\/wp\/v2\/tags?post=2954"}],"curies":[{"name":"wp","href":"https:\/\/api.w.org\/{rel}","templated":true}]}}