{"id":2784,"date":"2009-03-02T04:03:54","date_gmt":"2009-03-02T03:03:54","guid":{"rendered":"http:\/\/www.ngo-horizonti.org\/mne\/?p=2784"},"modified":"2020-01-28T09:34:17","modified_gmt":"2020-01-28T08:34:17","slug":"evropa-za-sve","status":"publish","type":"post","link":"https:\/\/www.ngo-horizonti.org\/mne\/evropa-za-sve\/","title":{"rendered":"Evropa za Sve"},"content":{"rendered":"<p style=\"text-align: justify;\">Organizacija civilnog dru\u0161tva NOVI HORIZONT, uz finansijsku podr\u0161ku Fondacije Institut&nbsp;za Otvoreno Drustvo (Predstavnistvo Crna Gora), po\u010dinje realizaciju projekta&nbsp;&#8220;EVROPA ZA SVE&#8221;.<br \/>\nProjekat \u0107e obuhvatiti vi\u0161e setova aktivnosti, od mini-\u0161kole o evropskim integracijama,&nbsp;preko odre\u0111enih kreativnih radionica koje \u0107e biti ra\u0111ene samostalno od strane u\u010desnika&nbsp;u projektu, preko podjele raznog informativno-edukativnog materijala \u0161irim gra\u0111anskim&nbsp;grupama u vidu bro\u0161ura i flajera, objavljivanje tekstova u novinama, performansa, itd.<\/p>\n<p style=\"text-align: justify;\"><strong>Za\u0161to smo pokrenuli ovaj projekat?<\/strong><\/p>\n<p style=\"text-align: justify;\">\u0160iroj javnosti jo\u0161 uvijek ne postoji dovoljno razvijena svijest o va\u017enosti uklju\u010divanja na\u0161e&nbsp;dr\u017eave u evropske integracije. Kao veliki problem javlja se i nedostatak obu\u010denih i&nbsp;informisanih ljudi koji znaju \u0161ta je Evropska Unija i koja je njena politika prema CG i&nbsp;regionu Zapadnog Balkana uop\u0161te, s jedne strane, i \u0161ta je jednoj dr\u017eavi potrebno da bi&nbsp;postala \u010dlanica EU, sa druge strane.<\/p>\n<p style=\"text-align: justify;\">Stoga se kao velika potreba name\u0107e informisanje i edukacija \u0161to \u0161ireg kruga ljudi, kako&nbsp;onih koji su ve\u0107 anga\u017eovani u javnoj administraciji, tako i onih koji bi to mogli biti u&nbsp;bliskoj budu\u0107nosti ili na bilo koji drugi na\u010din u\u010destvovati u raspravama o ovim pitanjima&nbsp;&#8211;&nbsp;a tu prije svega mislimo na mla\u0111u populaciju, koja je i na\u0161a fokusna grupa iz razloga&nbsp;\u0161to \u0107e oni zasigurno biti i direktni sudionici priklju\u010denja Crne Gore Evropskoj Uniji.<\/p>\n<p style=\"text-align: justify;\">Naime, u dosada\u0161njim aktivnostima nadle\u017enih dr\u017eavnih organa, nisu publikovane&nbsp;nikakve informacije na Albanskom jeziku koje promovi\u0161u EU integracije (\u0161tampani&nbsp;materijal: lifelti, bro\u0161ure, bilteni, posteri, &#8230;); nisu odr\u017eane nikakve druge aktivnosti (koje&nbsp;ina\u010de nadle\u017ena tijela rade), poput panel diskusija, TV prezentacija, uli\u010dnih doga\u0111aja, itd;&nbsp;nepostoji multimedijalni materijal na ovom jeziku o EU integracijama, niti internet&nbsp;prezentacije.<br \/>\nImaju\u0107i u vidu dosada\u0161nja iskustva u realizaciji razli\u010ditih informativno-edukativnih&nbsp;kampanja na nacionalnom nivou, NVO &#8220;NOVI HORIZONTI&#8221; iz Ulcinja \u017eele da nadoknade&nbsp;propuste i popune prazninu u oblasti informisanja stanovni\u0161tva na Albanskom jeziku o&nbsp;procesima evropskih integracija i koracima koje Crna Gora treba da slijedi u procesu&nbsp;pridru\u017eivanja EU. U pitanju je komponenta jezi\u010dke razli\u010ditosti u sprovo\u0111enju informativno &#8211; edukativnih&nbsp;aktivnosti o EU integracijama, odnosno uklju\u010divanje albanskog jezika&nbsp;(jedinog razli\u010ditog manjinskog jezika) u svim segmentima ovog procesa.<\/p>\n<p style=\"text-align: justify;\">Cilj projekta je da svojim aktivnostima doprinese \u0161irenju evropskih vrijednosti u op\u0161tini&nbsp;Ulcinj, kao i podizanju svijesti gra\u0111ana o va\u017enosti uklju\u010divanja Crne Gore u evropske&nbsp;integracije.<\/p>\n<p style=\"text-align: justify;\">Specifi\u010dan cilj ovog projekta jeste ideja o edukaciji u\u010denika zavr\u0161nih razreda srednjih&nbsp;\u0161kola o evropskim integracijama, njihovom nastanku, razvoju i funkcionisanju, kao i&nbsp;procesu pridru\u017eivanja, sa posebnim naglaskom na status Crne Gore u tom procesu.<\/p>\n<p style=\"text-align: justify;\">Organizacija civilnog dru\u0161tva \u00abNOVI HORIZONTI\u00bb, namjerava da svojim aktivnostima&nbsp;doprinese izgradnji i kontinuiranom razvoju demokratski orijentisanih mladih ljudi koji \u0107e&nbsp;postati lideri u svim&nbsp;segmentima javnog \u017eivota i odgovorno raditi u procesu evropskih&nbsp;integracija.<\/p>\nngg_shortcode_0_placeholder\n<hr>\n<p>U sklopu ovog projekta, publikovana je i bro\u0161ura pod nazivom &#8220;EVROPA ZA SVE&#8221;.<\/p>\n<p>Bro\u0161uru mo\u017eete preuzeti <a href=\"https:\/\/www.ngo-horizonti.org\/wp-content\/uploads\/2015\/12\/evropa-za-sve-2009-1.pdf\" target=\"_blank\" rel=\"noopener noreferrer\">ovdje<\/a><\/p>\n<hr>\n<p style=\"text-align: justify;\">&nbsp;<\/p>\n","protected":false},"excerpt":{"rendered":"<p>Organizacija civilnog dru\u0161tva NOVI HORIZONT, uz finansijsku podr\u0161ku Fondacije Institut&nbsp;za Otvoreno Drustvo (Predstavnistvo Crna Gora), po\u010dinje realizaciju projekta&nbsp;&#8220;EVROPA ZA SVE&#8221;. Projekat \u0107e obuhvatiti vi\u0161e setova aktivnosti, od mini-\u0161kole o evropskim integracijama,&nbsp;preko odre\u0111enih kreativnih radionica koje \u0107e biti ra\u0111ene samostalno od strane u\u010desnika&nbsp;u projektu, preko podjele raznog informativno-edukativnog materijala \u0161irim gra\u0111anskim&nbsp;grupama u vidu bro\u0161ura i flajera, [&hellip;]<\/p>\n","protected":false},"author":1,"featured_media":2783,"comment_status":"closed","ping_status":"closed","sticky":false,"template":"","format":"standard","meta":{"_et_pb_use_builder":"","_et_pb_old_content":"","_et_gb_content_width":"","ngg_post_thumbnail":0,"slim_seo":{"title":"Evropa za Sve - New Horizon NGO","description":"Organizacija civilnog dru\u0161tva NOVI HORIZONT, uz finansijsku podr\u0161ku Fondacije Institut&nbsp;za Otvoreno Drustvo (Predstavnistvo Crna Gora), po\u010dinje realizaciju"},"footnotes":""},"categories":[52],"tags":[],"class_list":["post-2784","post","type-post","status-publish","format-standard","has-post-thumbnail","hentry","category-projekti","et-has-post-format-content","et_post_format-et-post-format-standard"],"_links":{"self":[{"href":"https:\/\/www.ngo-horizonti.org\/mne\/wp-json\/wp\/v2\/posts\/2784","targetHints":{"allow":["GET"]}}],"collection":[{"href":"https:\/\/www.ngo-horizonti.org\/mne\/wp-json\/wp\/v2\/posts"}],"about":[{"href":"https:\/\/www.ngo-horizonti.org\/mne\/wp-json\/wp\/v2\/types\/post"}],"author":[{"embeddable":true,"href":"https:\/\/www.ngo-horizonti.org\/mne\/wp-json\/wp\/v2\/users\/1"}],"replies":[{"embeddable":true,"href":"https:\/\/www.ngo-horizonti.org\/mne\/wp-json\/wp\/v2\/comments?post=2784"}],"version-history":[{"count":6,"href":"https:\/\/www.ngo-horizonti.org\/mne\/wp-json\/wp\/v2\/posts\/2784\/revisions"}],"predecessor-version":[{"id":9465,"href":"https:\/\/www.ngo-horizonti.org\/mne\/wp-json\/wp\/v2\/posts\/2784\/revisions\/9465"}],"wp:featuredmedia":[{"embeddable":true,"href":"https:\/\/www.ngo-horizonti.org\/mne\/wp-json\/wp\/v2\/media\/2783"}],"wp:attachment":[{"href":"https:\/\/www.ngo-horizonti.org\/mne\/wp-json\/wp\/v2\/media?parent=2784"}],"wp:term":[{"taxonomy":"category","embeddable":true,"href":"https:\/\/www.ngo-horizonti.org\/mne\/wp-json\/wp\/v2\/categories?post=2784"},{"taxonomy":"post_tag","embeddable":true,"href":"https:\/\/www.ngo-horizonti.org\/mne\/wp-json\/wp\/v2\/tags?post=2784"}],"curies":[{"name":"wp","href":"https:\/\/api.w.org\/{rel}","templated":true}]}}