{"id":16438,"date":"2026-04-30T10:46:09","date_gmt":"2026-04-30T09:46:09","guid":{"rendered":"https:\/\/www.ngo-horizonti.org\/?p=16438"},"modified":"2026-04-30T10:52:10","modified_gmt":"2026-04-30T09:52:10","slug":"od-ideje-do-uticaja-mladi-lideri-na-sastanku-u-opstini-tuzi","status":"publish","type":"post","link":"https:\/\/www.ngo-horizonti.org\/mne\/od-ideje-do-uticaja-mladi-lideri-na-sastanku-u-opstini-tuzi\/","title":{"rendered":"Od ideje do uticaja: Mladi lideri na sastanku u Op\u0161tini Tuzi"},"content":{"rendered":"<p style=\"text-align: justify;\">U srijedu, <strong>29.04.2026. godine, <\/strong>Op\u0161tina Tuzi je ugostila srednjo\u0161kolce iz Tuzi i Ulcinja na posebnom sastanku, stvaraju\u0107i otvoren prostor za dijalog i razgovor sa mladima. Sastanak je organizovan u okviru projekta \u201eMladi lideri \u2013 od ideje do uticaja\u201c, koji realizuje<strong><em> NVO \u201eNovi Horizont\u201c<\/em> <\/strong>u partnerstvu sa <strong><em>NVO \u201eKutak Tolerancije\u201c<\/em><\/strong>, uz podr\u0161ku <strong><em>Ministarstva sporta i mladih Crne Gore.<\/em><\/strong> Projekat ima za cilj podsticanje aktivnog u\u010de\u0161\u0107a mladih u dono\u0161enju odluka, ja\u010danje njihovih kompetencija i izradu politika koje direktno uti\u010du na njihov svakodnevni \u017eivot.<\/p>\n<p style=\"text-align: justify;\">Na otvaranju doga\u0111aja, potpredsjednik Op\u0161tine Tuzi, g. <strong>Fisnik \u0110okaj<\/strong>, istakao je posve\u0107enost lokalne samouprave saradnji i uklju\u010divanju u projekte posve\u0107ene mladima.<br \/>\nSekretarka Sekretarijata za lokalnu samoupravu, g\u0111a <strong>Marina Ujkaj<\/strong>, predstavila je omladinske politike i konkretne napore Op\u0161tine Tuzi za uklju\u010divanje mladih u dru\u0161tvene procese, dijele\u0107i i izazove sa kojima se susre\u0107u u praksi.<br \/>\nDr\u017eavni sekretar u Ministarstvu javne uprave, g. <strong>Naim \u0110okaj<\/strong>, podijelio je svoja vi\u0111enja o mogu\u0107nostima koje mladi imaju za uklju\u010divanje u javni \u017eivot i izgradnju uspje\u0161ne karijere, ohrabruju\u0107i ih da budu aktivni u inovativnim i razvojnim procesima.<br \/>\nU nastavku, predstavnica Nacionalne Erasmus+ kancelarije u Crnoj Gori, g\u0111a <strong>Rina Muhaj<\/strong>, podijelila je svoje iskustvo u omladinskim projektima i inicijativama, isti\u010du\u0107i zna\u010daj aktivnog u\u010de\u0161\u0107a mladih u me\u0111unarodnim programima. Posebno je naglasila koristi ovih programa, kao \u0161to su razvoj profesionalnih i li\u010dnih vje\u0161tina, \u0161irenje me\u0111unarodnih mre\u017ea i konkretne mogu\u0107nosti za anga\u017eman u projektima koji doprinose razvoju zajednice.<br \/>\nPrisutnima su se obratili i direktor srednje \u0161kole \u201e25. maj\u201c iz Tuzi, g. <strong>Sehad Lulanaj<\/strong>, kao i pomo\u0107nik direktora srednje \u0161kole \u201eBratstvo-jedinstvo\u201c iz Ulcinja, g. <strong>Kujtim Suka<\/strong>, koji su ohrabrili mlade da se \u0161to vi\u0161e uklju\u010de u programe koji ih osna\u017euju za suo\u010davanje sa izazovima integracije.<br \/>\nSastanak je dodatno upotpunjen interaktivnim dijelom kroz direktna pitanja mladih upu\u0107ena javnim funkcionerima, pri \u010demu su dobili dodatne informacije o obra\u0111enim temama, \u010dine\u0107i ovu sesiju korisnim iskustvom za sve u\u010desnike.<\/p>\nngg_shortcode_0_placeholder\n<hr style=\"border: 0; height: 3px; background-color: orange;\">\n<p><img loading=\"lazy\" decoding=\"async\" class=\"aligncenter size-large wp-image-15924\" src=\"https:\/\/www.ngo-horizonti.org\/wp-content\/uploads\/2026\/02\/footer-1024x167.png\" alt=\"Footer\" width=\"1024\" height=\"167\" srcset=\"https:\/\/www.ngo-horizonti.org\/wp-content\/uploads\/2026\/02\/footer-1024x167.png 1024w, https:\/\/www.ngo-horizonti.org\/wp-content\/uploads\/2026\/02\/footer-300x49.png 300w, https:\/\/www.ngo-horizonti.org\/wp-content\/uploads\/2026\/02\/footer-768x125.png 768w, https:\/\/www.ngo-horizonti.org\/wp-content\/uploads\/2026\/02\/footer-1536x250.png 1536w, https:\/\/www.ngo-horizonti.org\/wp-content\/uploads\/2026\/02\/footer-1080x176.png 1080w, https:\/\/www.ngo-horizonti.org\/wp-content\/uploads\/2026\/02\/footer.png 1957w\" sizes=\"(max-width: 1024px) 100vw, 1024px\" \/><\/p>\n<p>&nbsp;<\/p>\n","protected":false},"excerpt":{"rendered":"<p>U srijedu, 29.04.2026. godine, Op\u0161tina Tuzi je ugostila srednjo\u0161kolce iz Tuzi i Ulcinja na posebnom sastanku, stvaraju\u0107i otvoren prostor za dijalog i razgovor sa mladima. Sastanak je organizovan u okviru projekta \u201eMladi lideri \u2013 od ideje do uticaja\u201c, koji realizuje NVO \u201eNovi Horizont\u201c u partnerstvu sa NVO \u201eKutak Tolerancije\u201c, uz podr\u0161ku Ministarstva sporta i mladih [&hellip;]<\/p>\n","protected":false},"author":1,"featured_media":16454,"comment_status":"closed","ping_status":"closed","sticky":false,"template":"","format":"standard","meta":{"_et_pb_use_builder":"","_et_pb_old_content":"","_et_gb_content_width":"","ngg_post_thumbnail":0,"slim_seo":{"title":"Od ideje do uticaja: Mladi lideri na sastanku u Op\u0161tini Tuzi - New Horizon NGO","description":"U srijedu, 29.04.2026. godine, Op\u0161tina Tuzi je ugostila srednjo\u0161kolce iz Tuzi i Ulcinja na posebnom sastanku, stvaraju\u0107i otvoren prostor za dijalog i razgovor s"},"footnotes":""},"categories":[51],"tags":[],"class_list":["post-16438","post","type-post","status-publish","format-standard","has-post-thumbnail","hentry","category-aktivnosti","et-has-post-format-content","et_post_format-et-post-format-standard"],"_links":{"self":[{"href":"https:\/\/www.ngo-horizonti.org\/mne\/wp-json\/wp\/v2\/posts\/16438","targetHints":{"allow":["GET"]}}],"collection":[{"href":"https:\/\/www.ngo-horizonti.org\/mne\/wp-json\/wp\/v2\/posts"}],"about":[{"href":"https:\/\/www.ngo-horizonti.org\/mne\/wp-json\/wp\/v2\/types\/post"}],"author":[{"embeddable":true,"href":"https:\/\/www.ngo-horizonti.org\/mne\/wp-json\/wp\/v2\/users\/1"}],"replies":[{"embeddable":true,"href":"https:\/\/www.ngo-horizonti.org\/mne\/wp-json\/wp\/v2\/comments?post=16438"}],"version-history":[{"count":4,"href":"https:\/\/www.ngo-horizonti.org\/mne\/wp-json\/wp\/v2\/posts\/16438\/revisions"}],"predecessor-version":[{"id":16462,"href":"https:\/\/www.ngo-horizonti.org\/mne\/wp-json\/wp\/v2\/posts\/16438\/revisions\/16462"}],"wp:featuredmedia":[{"embeddable":true,"href":"https:\/\/www.ngo-horizonti.org\/mne\/wp-json\/wp\/v2\/media\/16454"}],"wp:attachment":[{"href":"https:\/\/www.ngo-horizonti.org\/mne\/wp-json\/wp\/v2\/media?parent=16438"}],"wp:term":[{"taxonomy":"category","embeddable":true,"href":"https:\/\/www.ngo-horizonti.org\/mne\/wp-json\/wp\/v2\/categories?post=16438"},{"taxonomy":"post_tag","embeddable":true,"href":"https:\/\/www.ngo-horizonti.org\/mne\/wp-json\/wp\/v2\/tags?post=16438"}],"curies":[{"name":"wp","href":"https:\/\/api.w.org\/{rel}","templated":true}]}}