{"id":15941,"date":"2026-02-09T08:40:26","date_gmt":"2026-02-09T07:40:26","guid":{"rendered":"https:\/\/www.ngo-horizonti.org\/?p=15941"},"modified":"2026-02-09T08:48:30","modified_gmt":"2026-02-09T07:48:30","slug":"mladi-lideri-od-ideje-do-uticaja-%e2%94%82te-rinjte-lidere-nga-ideja-te-ndikimi","status":"publish","type":"post","link":"https:\/\/www.ngo-horizonti.org\/mne\/mladi-lideri-od-ideje-do-uticaja-%e2%94%82te-rinjte-lidere-nga-ideja-te-ndikimi\/","title":{"rendered":"MLADI LIDERI: OD IDEJE DO UTICAJA \u2502T\u00cb RINJT\u00cb LIDER\u00cb: NGA IDEJA TE NDIKIMI"},"content":{"rendered":"<p style=\"text-align: justify;\">\u201eNovi Horizont\u201c zapo\u010dinje realizaciju projekta <strong>\u201eMladi lideri: od ideje do uticaja\u201c<\/strong>, usmjerenog na ja\u010danje dru\u0161tvenog polo\u017eaja mladih u Crnoj Gori. Projekat ima za cilj unapre\u0111enje njihovih gra\u0111anskih i liderskih kompetencija kroz dvojezi\u010dni program neformalne edukacije (na crnogorskom i albanskom jeziku), promociju omladinskog rada, kao i kreiranje konkretnih mehanizama za aktivno u\u010de\u0161\u0107e mladih u procesima dono\u0161enja odluka. Poseban fokus stavlja se na ja\u010danje povjerenja mladih iz manjinskih zajednica u institucije i njihovo u\u010de\u0161\u0107e u kreiranju omladinskih politika.<\/p>\n<p style=\"text-align: justify;\">Tokom trajanja projekta, u\u010desnici \u0107e imati priliku da steknu prakti\u010dna znanja i razviju klju\u010dne vje\u0161tine za aktivno i odgovorno djelovanje u dru\u0161tvenom \u017eivotu, kroz strukturirani program neformalne obuke. Planirane aktivnosti obuhvataju organizaciju debata i simulacija procesa odlu\u010divanja, realizaciju komunikacione kampanje, studijske posjete relevantnim institucijama, kao i sprovo\u0111enje istra\u017eivanja o polo\u017eaju mladih, koje \u0107e rezultirati izradom lokalnog izvje\u0161taja i njegovom javnom prezentacijom. Projekat \u0107e biti sve\u010dano zaokru\u017een ceremonijom dodjele diploma u\u010desnicima.<\/p>\n<p style=\"text-align: justify;\">Realizacijom ovog projekta, NVO \u201eNovi Horizont\u201c nastavlja svoju dugoro\u010dnu misiju ja\u010danja kapaciteta mladih i stvaranja podsticajnog okru\u017eenja za njihov li\u010dni, dru\u0161tveni i profesionalni razvoj.<\/p>\n<p style=\"text-align: justify;\">Projekat se realizuje u partnerstvu sa NVO \u201eKutak tolerancije\u201c, u okviru Javnog konkursa \u201eMladi \u2013 kreatori budu\u0107nosti\u201c za finansiranje projekta i programa nevladinih organizacija u oblasti dru\u0161tvene brige o djeci i mladima za 2025. godinu, uz podr\u0161ku <strong>Ministarstva sporta i mladih.<br \/>\n<\/strong><\/p>\n<hr style=\"border: 2px solid orange; margin: 20px 0;\">\n<p style=\"text-align: justify;\">OJQ Horizonti i Ri fillon zbatimin e projektit&nbsp;<strong>\u201cT\u00eb rinjt\u00eb lider\u00eb: nga ideja tek ndikimi\u201d<\/strong>, i cili \u00ebsht\u00eb i orientuar drejt fuqizimit institucional t\u00eb t\u00eb rinjve nga popujt pakic\u00eb. Projekti synon p\u00ebrmir\u00ebsimin e kompetencave t\u00eb tyre qytetare dhe udh\u00ebheq\u00ebse p\u00ebrmes nj\u00eb programi t\u00eb edukimit joformal, promovimit t\u00eb pun\u00ebs rinore, si dhe krijimit t\u00eb mekanizmave konkret\u00eb p\u00ebr pjes\u00ebmarrjen aktive t\u00eb t\u00eb rinjve n\u00eb proceset e hartimit t\u00eb politikave publike. V\u00ebmendje e ve\u00e7ant\u00eb i kushtohet forcimit t\u00eb besimit t\u00eb t\u00eb rinjve n\u00eb institucionet vendimmarr\u00ebse dhe njohjes s\u00eb m\u00ebnyr\u00ebs s\u00eb funksionimit t\u00eb tyre.<\/p>\n<p style=\"text-align: justify;\">Gjat\u00eb koh\u00ebzgjatjes s\u00eb projektit, pjes\u00ebmarr\u00ebsit do t\u00eb ken\u00eb mund\u00ebsi t\u00eb fitojn\u00eb njohuri praktike dhe t\u00eb zhvillojn\u00eb aft\u00ebsi ky\u00e7e p\u00ebr veprim aktiv dhe t\u00eb p\u00ebrgjegjsh\u00ebm n\u00eb jet\u00ebn shoq\u00ebrore, p\u00ebrmes nj\u00eb programi t\u00eb strukturuar t\u00eb trajnimit joformal. Aktivitetet e planifikuara p\u00ebrfshijn\u00eb organizimin e debateve dhe simulimeve t\u00eb proceseve t\u00eb vendimmarr\u00ebse, realizimin e nj\u00eb fushate komunikimi, vizita studimore n\u00eb institucione p\u00ebrkat\u00ebse, si dhe zhvillimin e nj\u00eb hulumtimi mbi pozit\u00ebn e t\u00eb rinjve, i cili do t\u00eb rezultoj\u00eb me p\u00ebrgatitjen e nj\u00eb raporti lokal dhe prezantimin e tij publik. Projekti do t\u00eb p\u00ebrmbyllet n\u00eb m\u00ebnyr\u00eb solemne me ceremonin\u00eb e ndarjes s\u00eb diplomave p\u00ebr pjes\u00ebmarr\u00ebsit.<\/p>\n<p style=\"text-align: justify;\">Me realizimin e k\u00ebtij projekti \u201cHorizonti i Ri\u201d vazhdon misionin afatgjat\u00eb n\u00eb forcimin e kapaciteteve t\u00eb t\u00eb rinjve dhe krijimin e nj\u00eb mjedisi nxit\u00ebs p\u00ebr zhvillimin e tyre personal, shoq\u00ebror dhe profesional.<\/p>\n<p style=\"text-align: justify;\">Projekti zbatohet n\u00eb partneritet me OJQ \u201cK\u00ebndi i Toleranc\u00ebs\u201d, n\u00eb kuad\u00ebr t\u00eb Thirrjes Publike \u201cT\u00eb rinjt\u00eb \u2013 krijuesit e s\u00eb ardhmes\u201d p\u00ebr financimin e projekteve dhe programeve t\u00eb organizatave joqeveritare n\u00eb fush\u00ebn e kujdesit shoq\u00ebror p\u00ebr f\u00ebmij\u00ebt dhe t\u00eb rinjt\u00eb p\u00ebr vitin 2025, e cila mb\u00ebshtetet nga&nbsp;<strong>Ministria e Sportit dhe e Rinis\u00eb.<\/strong><\/p>\n<hr style=\"border: 2px solid #40E0D0; margin: 20px 0;\">\n<p style=\"text-align: justify;\"><img loading=\"lazy\" decoding=\"async\" class=\"aligncenter size-large wp-image-15924\" src=\"https:\/\/www.ngo-horizonti.org\/wp-content\/uploads\/2026\/02\/footer-1024x167.png\" alt=\"Footer\" width=\"1024\" height=\"167\" srcset=\"https:\/\/www.ngo-horizonti.org\/wp-content\/uploads\/2026\/02\/footer-1024x167.png 1024w, https:\/\/www.ngo-horizonti.org\/wp-content\/uploads\/2026\/02\/footer-300x49.png 300w, https:\/\/www.ngo-horizonti.org\/wp-content\/uploads\/2026\/02\/footer-768x125.png 768w, https:\/\/www.ngo-horizonti.org\/wp-content\/uploads\/2026\/02\/footer-1536x250.png 1536w, https:\/\/www.ngo-horizonti.org\/wp-content\/uploads\/2026\/02\/footer-1080x176.png 1080w, https:\/\/www.ngo-horizonti.org\/wp-content\/uploads\/2026\/02\/footer.png 1957w\" sizes=\"(max-width: 1024px) 100vw, 1024px\" \/><\/p>\n","protected":false},"excerpt":{"rendered":"<p>\u201eNovi Horizont\u201c zapo\u010dinje realizaciju projekta \u201eMladi lideri: od ideje do uticaja\u201c, usmjerenog na ja\u010danje dru\u0161tvenog polo\u017eaja mladih u Crnoj Gori. Projekat ima za cilj unapre\u0111enje njihovih gra\u0111anskih i liderskih kompetencija kroz dvojezi\u010dni program neformalne edukacije (na crnogorskom i albanskom jeziku), promociju omladinskog rada, kao i kreiranje konkretnih mehanizama za aktivno u\u010de\u0161\u0107e mladih u procesima dono\u0161enja [&hellip;]<\/p>\n","protected":false},"author":1,"featured_media":15928,"comment_status":"closed","ping_status":"closed","sticky":false,"template":"","format":"standard","meta":{"_et_pb_use_builder":"","_et_pb_old_content":"","_et_gb_content_width":"","ngg_post_thumbnail":0,"slim_seo":{"title":"MLADI LIDERI: OD IDEJE DO UTICAJA \u2502T\u00cb RINJT\u00cb LIDER\u00cb: NGA IDEJA TE NDIKIMI - New Horizon NGO","description":"\u201eNovi Horizont\u201c zapo\u010dinje realizaciju projekta \u201eMladi lideri: od ideje do uticaja\u201c , usmjerenog na ja\u010danje dru\u0161tvenog polo\u017eaja mladih u Crnoj Gori. Projekat ima"},"footnotes":""},"categories":[106],"tags":[],"class_list":["post-15941","post","type-post","status-publish","format-standard","has-post-thumbnail","hentry","category-javni-pozivi","et-has-post-format-content","et_post_format-et-post-format-standard"],"_links":{"self":[{"href":"https:\/\/www.ngo-horizonti.org\/mne\/wp-json\/wp\/v2\/posts\/15941","targetHints":{"allow":["GET"]}}],"collection":[{"href":"https:\/\/www.ngo-horizonti.org\/mne\/wp-json\/wp\/v2\/posts"}],"about":[{"href":"https:\/\/www.ngo-horizonti.org\/mne\/wp-json\/wp\/v2\/types\/post"}],"author":[{"embeddable":true,"href":"https:\/\/www.ngo-horizonti.org\/mne\/wp-json\/wp\/v2\/users\/1"}],"replies":[{"embeddable":true,"href":"https:\/\/www.ngo-horizonti.org\/mne\/wp-json\/wp\/v2\/comments?post=15941"}],"version-history":[{"count":8,"href":"https:\/\/www.ngo-horizonti.org\/mne\/wp-json\/wp\/v2\/posts\/15941\/revisions"}],"predecessor-version":[{"id":15949,"href":"https:\/\/www.ngo-horizonti.org\/mne\/wp-json\/wp\/v2\/posts\/15941\/revisions\/15949"}],"wp:featuredmedia":[{"embeddable":true,"href":"https:\/\/www.ngo-horizonti.org\/mne\/wp-json\/wp\/v2\/media\/15928"}],"wp:attachment":[{"href":"https:\/\/www.ngo-horizonti.org\/mne\/wp-json\/wp\/v2\/media?parent=15941"}],"wp:term":[{"taxonomy":"category","embeddable":true,"href":"https:\/\/www.ngo-horizonti.org\/mne\/wp-json\/wp\/v2\/categories?post=15941"},{"taxonomy":"post_tag","embeddable":true,"href":"https:\/\/www.ngo-horizonti.org\/mne\/wp-json\/wp\/v2\/tags?post=15941"}],"curies":[{"name":"wp","href":"https:\/\/api.w.org\/{rel}","templated":true}]}}