{"id":14001,"date":"2024-09-16T13:15:05","date_gmt":"2024-09-16T12:15:05","guid":{"rendered":"https:\/\/www.ngo-horizonti.org\/?p=14001"},"modified":"2025-03-07T14:02:13","modified_gmt":"2025-03-07T13:02:13","slug":"14001","status":"publish","type":"post","link":"https:\/\/www.ngo-horizonti.org\/mne\/14001\/","title":{"rendered":"IZAZOVI MEDIJSKOG IZVJE\u0160TAVANJA NA ALBANSKOM JEZIKU"},"content":{"rendered":"<p style=\"text-align: justify;\">Novi Horizont zapo\u010dinje realizaciju novog projekta pod nazivom \u201eIzazovi medijskog izvje\u0161tavanja na albanskom jeziku\u201c.<br \/>\nProjekat je usmjeren na ja\u010danju kapaciteta medija u Crnoj Gori koji izvje\u0161tavaju na Albanskom jeziku ili imaju posebne redakcije na ovom jeziku, kao i organizacija civilnog dru\u0161tva koje djeluju u oblasti za\u0161tite i promovisanja ljudskih i manjinskih prava.<\/p>\n<p style=\"text-align: justify;\">Namjera projekta je da programom obuke o ljudskim i manjinskim pravima koja su posebno va\u017ena za novinarstvo \u2013 pravo na slobodu izra\u017eavanja, svakodnevnim izazovima primjene novinarske etike, privatnost i pravi\u010dno su\u0111enje, slobodan pristup informacijama od javnog interesa, novinarima i gra\u0111anskim aktivistima obezbijedimo podr\u0161ku da profesionalno obavljaju svoj posao i u\u017eivaju povjerenje svoje publike.<\/p>\n<p style=\"text-align: justify;\">Kroz ovaj projekat organizova\u0107emo tri ciklusa obuke za odabranu ciljnu grupu. Ovaj program pokriva\u0107e teme kao \u0161to su:<\/p>\n<ul>\n<li style=\"text-align: justify;\"><em>Sloboda izra\u017eavanja i uloga medija u dru\u0161tvenom kontekstu,<\/em><\/li>\n<li><em>Odnos prava na slobodu izra\u017eavanja i prava na privatnost,<\/em><\/li>\n<li><em>Etika u medijima: novinari i demokratski procesi;<\/em><\/li>\n<li><em>Uloga novinara u javnoj debati;<\/em><\/li>\n<li><em>Govor mr\u017enje u medijima,<\/em><\/li>\n<li><em>Politi\u010dko istra\u017eiva\u010dko novinarstvo (kakav odnos treba uspostaviti s politi\u010darima);<\/em><\/li>\n<li><em>Izvje\u0161tavanje o ljudskim pravima i slobodama, Manjinska prava u medijima, itd<\/em><\/li>\n<\/ul>\n<p style=\"text-align: justify;\">Projekat se realizuje u partnerstvu sa NVO Eduko Plus iz Bara, u sklopu Javnog konkursa \u201eRazli\u010ditosti oboga\u0107uju Crnu Goru\u201c za finansiranje projekata i programa nevladinih organizacija u oblasti \u2018Za\u0161tita i promovisanje prava manjinskih naroda i drugih manjinskih nacionalnih zajednica u 2024. godini\u2019 koji podr\u017eava <strong>Ministarstvo za ljudska i manjinska prava<\/strong>.<\/p>\n<hr>\n<p style=\"text-align: center;\"><strong>IMPLEMENTACIJA PROJEKTA<\/strong><\/p>\n<p><strong>AKTIVNOST 1<\/strong><\/p>\n<p style=\"text-align: justify;\">12. oktobra 2024. godine, u Hotelu Mediteran \u2013 Ulcinj, odr\u017ean je okrugli sto na temu \u201eIzazovi medijskog izvje\u0161tavanja na albanskom jeziku\u201c. Aktivnost je organizovana u formatu okruglog stola sa nekoliko panela, koje su vodili novinari i medijski profesionalci iz zemlje i regiona. U\u010desnici ovog sastanka bili su predstavnici medija na albanskom jeziku i aktivisti civilnog dru\u0161tva iz svih albanskih regiona u Crnoj Gori.<br \/>\nPrvobitno, u ime organizatora, prisutne su pozdravili Nazif Veli\u0107, izvr\u0161ni direktor NVO Novi Horizont, zatim Allmedina Doda, predsednica udru\u017eenja \u201eEduko Plus\u201c, kao i Arben Xhurreta, generalni direktor za unapre\u0111enje i za\u0161titu prava manjinskih naroda i drugih nacionalnih manjinskih zajednica u Vladi Crne Gore.<br \/>\nO ulozi novinara u javnoj debati, izvje\u0161tavanju o doga\u0111ajima i rje\u0161avanju pitanja od javnog interesa, kao i izvje\u0161tavanju o ljudskim pravima i slobodama (manjinska prava), govorio je profesor Sefer Tahiri iz Sjeverne Makedonije.<br \/>\nO glavnim problemima medija na albanskom jeziku u Crnoj Gori govorio je dr. Had\u017ei \u0160abani.<br \/>\nU me\u0111uvremenu, o ulozi medija u podizanju svijesti javnosti o pitanjima identiteta Albanaca u Crnoj Gori, g. Robert Camaj.<br \/>\nNovinar Ismet Kalaba govorio je o nekim fenomenima i izazovima medija na albanskom jeziku u Crnoj Gori.<br \/>\nO radu u redakcijama na albanskom jeziku u Javnom Servisu Crne Gore i trenutnoj situaciji i moguc\u0301nostima za napredovanje, govorio je Senad Gilaj, urednik manjinske redakcije TVMZ.<br \/>\nU me\u0111uvremenu, o izazovima lokalnih medija na albanskom jeziku i iskustvu TV Ro\u017eaja, govorio je novinar Artan Daci.<\/p>\nngg_shortcode_0_placeholder\n<hr>\n<p><strong>AKTIVNOST 2<\/strong><\/p>\n<p style=\"text-align: justify;\">Okrugli sto \u201eIzazovi u implementaciji Zakona o slobodnom pristupu informacijama\u201c okupio je predstavnike Ministarstva za ljudska i manjinska prava, lokalne vlasti iz Op\u0161tine Ulcinj i Op\u0161tine Tuzi, javnih institucija, medija na albanskom jeziku u Crnoj Gori i aktiviste civilnog dru\u0161tva. Razgovarali smo o za\u0161titi podataka o li\u010dnosti, slobodi izra\u017eavanja i za\u0161titi privatnosti, transparentnosti organa vlasti, me\u0111unarodnim iskustvima i konkretnim praksama lokalnih uprava.<\/p>\n<p><img loading=\"lazy\" decoding=\"async\" class=\"aligncenter wp-image-14457 size-large\" src=\"https:\/\/www.ngo-horizonti.org\/wp-content\/uploads\/2024\/09\/471303764_996657892504693_6874928066092194603_n-e1739868489105-1024x553.jpg\" alt=\"471303764 996657892504693 6874928066092194603 N\" width=\"1024\" height=\"553\" srcset=\"https:\/\/www.ngo-horizonti.org\/wp-content\/uploads\/2024\/09\/471303764_996657892504693_6874928066092194603_n-e1739868489105-1024x553.jpg 1024w, https:\/\/www.ngo-horizonti.org\/wp-content\/uploads\/2024\/09\/471303764_996657892504693_6874928066092194603_n-e1739868489105-300x162.jpg 300w, https:\/\/www.ngo-horizonti.org\/wp-content\/uploads\/2024\/09\/471303764_996657892504693_6874928066092194603_n-e1739868489105-768x414.jpg 768w, https:\/\/www.ngo-horizonti.org\/wp-content\/uploads\/2024\/09\/471303764_996657892504693_6874928066092194603_n-e1739868489105-1536x829.jpg 1536w, https:\/\/www.ngo-horizonti.org\/wp-content\/uploads\/2024\/09\/471303764_996657892504693_6874928066092194603_n-e1739868489105-1080x583.jpg 1080w, https:\/\/www.ngo-horizonti.org\/wp-content\/uploads\/2024\/09\/471303764_996657892504693_6874928066092194603_n-e1739868489105.jpg 1946w\" sizes=\"(max-width: 1024px) 100vw, 1024px\" \/><\/p>\n<p><img loading=\"lazy\" decoding=\"async\" class=\"aligncenter size-large wp-image-14460\" src=\"https:\/\/www.ngo-horizonti.org\/wp-content\/uploads\/2024\/09\/471335957_996658072504675_3763698304361215150_n-1024x633.jpg\" alt=\"471335957 996658072504675 3763698304361215150 N\" width=\"1024\" height=\"633\" srcset=\"https:\/\/www.ngo-horizonti.org\/wp-content\/uploads\/2024\/09\/471335957_996658072504675_3763698304361215150_n-1024x633.jpg 1024w, https:\/\/www.ngo-horizonti.org\/wp-content\/uploads\/2024\/09\/471335957_996658072504675_3763698304361215150_n-300x185.jpg 300w, https:\/\/www.ngo-horizonti.org\/wp-content\/uploads\/2024\/09\/471335957_996658072504675_3763698304361215150_n-768x474.jpg 768w, https:\/\/www.ngo-horizonti.org\/wp-content\/uploads\/2024\/09\/471335957_996658072504675_3763698304361215150_n-1536x949.jpg 1536w, https:\/\/www.ngo-horizonti.org\/wp-content\/uploads\/2024\/09\/471335957_996658072504675_3763698304361215150_n-1080x667.jpg 1080w, https:\/\/www.ngo-horizonti.org\/wp-content\/uploads\/2024\/09\/471335957_996658072504675_3763698304361215150_n.jpg 2048w\" sizes=\"(max-width: 1024px) 100vw, 1024px\" \/><\/p>\n<hr>\n<p>&nbsp;<\/p>\n<p><img loading=\"lazy\" decoding=\"async\" class=\"aligncenter wp-image-14614 size-full\" src=\"https:\/\/www.ngo-horizonti.org\/wp-content\/uploads\/2024\/09\/Ljudska-prava-u-medijima-1-e1740559554581.png\" alt=\"Ljudska Prava U Medijima\" width=\"792\" height=\"1770\" srcset=\"https:\/\/www.ngo-horizonti.org\/wp-content\/uploads\/2024\/09\/Ljudska-prava-u-medijima-1-e1740559554581.png 792w, https:\/\/www.ngo-horizonti.org\/wp-content\/uploads\/2024\/09\/Ljudska-prava-u-medijima-1-e1740559554581-134x300.png 134w, https:\/\/www.ngo-horizonti.org\/wp-content\/uploads\/2024\/09\/Ljudska-prava-u-medijima-1-e1740559554581-458x1024.png 458w, https:\/\/www.ngo-horizonti.org\/wp-content\/uploads\/2024\/09\/Ljudska-prava-u-medijima-1-e1740559554581-768x1716.png 768w, https:\/\/www.ngo-horizonti.org\/wp-content\/uploads\/2024\/09\/Ljudska-prava-u-medijima-1-e1740559554581-687x1536.png 687w\" sizes=\"(max-width: 792px) 100vw, 792px\" \/><\/p>\n<hr>\n<p><img loading=\"lazy\" decoding=\"async\" class=\"aligncenter size-full wp-image-14705\" src=\"https:\/\/www.ngo-horizonti.org\/wp-content\/uploads\/2024\/09\/PRAVICNO-SUDENJE-I-IZVJESTAVANJE-NOVINARA-1.png\" alt=\"Pravi\u010cno Su\u0110enje I Izvje\u0160tavanje Novinara\" width=\"943\" height=\"1794\" srcset=\"https:\/\/www.ngo-horizonti.org\/wp-content\/uploads\/2024\/09\/PRAVICNO-SUDENJE-I-IZVJESTAVANJE-NOVINARA-1.png 943w, https:\/\/www.ngo-horizonti.org\/wp-content\/uploads\/2024\/09\/PRAVICNO-SUDENJE-I-IZVJESTAVANJE-NOVINARA-1-158x300.png 158w, https:\/\/www.ngo-horizonti.org\/wp-content\/uploads\/2024\/09\/PRAVICNO-SUDENJE-I-IZVJESTAVANJE-NOVINARA-1-538x1024.png 538w, https:\/\/www.ngo-horizonti.org\/wp-content\/uploads\/2024\/09\/PRAVICNO-SUDENJE-I-IZVJESTAVANJE-NOVINARA-1-768x1461.png 768w, https:\/\/www.ngo-horizonti.org\/wp-content\/uploads\/2024\/09\/PRAVICNO-SUDENJE-I-IZVJESTAVANJE-NOVINARA-1-807x1536.png 807w\" sizes=\"(max-width: 943px) 100vw, 943px\" \/><\/p>\n<hr>\n<p><img loading=\"lazy\" decoding=\"async\" class=\"aligncenter size-full wp-image-14708\" src=\"https:\/\/www.ngo-horizonti.org\/wp-content\/uploads\/2024\/09\/GOVOR-MRZNJE-U-MEDIJIMA-Infographic.png\" alt=\"Govor Mr\u017dnje U Medijima (infographic)\" width=\"943\" height=\"1777\" srcset=\"https:\/\/www.ngo-horizonti.org\/wp-content\/uploads\/2024\/09\/GOVOR-MRZNJE-U-MEDIJIMA-Infographic.png 943w, https:\/\/www.ngo-horizonti.org\/wp-content\/uploads\/2024\/09\/GOVOR-MRZNJE-U-MEDIJIMA-Infographic-159x300.png 159w, https:\/\/www.ngo-horizonti.org\/wp-content\/uploads\/2024\/09\/GOVOR-MRZNJE-U-MEDIJIMA-Infographic-543x1024.png 543w, https:\/\/www.ngo-horizonti.org\/wp-content\/uploads\/2024\/09\/GOVOR-MRZNJE-U-MEDIJIMA-Infographic-768x1447.png 768w, https:\/\/www.ngo-horizonti.org\/wp-content\/uploads\/2024\/09\/GOVOR-MRZNJE-U-MEDIJIMA-Infographic-815x1536.png 815w\" sizes=\"(max-width: 943px) 100vw, 943px\" \/><\/p>\n<hr>\n<p><img loading=\"lazy\" decoding=\"async\" class=\"aligncenter wp-image-13912\" src=\"https:\/\/www.ngo-horizonti.org\/wp-content\/uploads\/2024\/07\/FOOTER-1024x164.png\" alt=\"Footer+\" width=\"987\" height=\"158\" srcset=\"https:\/\/www.ngo-horizonti.org\/wp-content\/uploads\/2024\/07\/FOOTER-1024x164.png 1024w, https:\/\/www.ngo-horizonti.org\/wp-content\/uploads\/2024\/07\/FOOTER-300x48.png 300w, https:\/\/www.ngo-horizonti.org\/wp-content\/uploads\/2024\/07\/FOOTER-768x123.png 768w, https:\/\/www.ngo-horizonti.org\/wp-content\/uploads\/2024\/07\/FOOTER-1536x246.png 1536w, https:\/\/www.ngo-horizonti.org\/wp-content\/uploads\/2024\/07\/FOOTER-1080x173.png 1080w, https:\/\/www.ngo-horizonti.org\/wp-content\/uploads\/2024\/07\/FOOTER.png 1901w\" sizes=\"(max-width: 987px) 100vw, 987px\" \/><\/p>\n","protected":false},"excerpt":{"rendered":"<p>Novi Horizont zapo\u010dinje realizaciju novog projekta pod nazivom \u201eIzazovi medijskog izvje\u0161tavanja na albanskom jeziku\u201c. Projekat je usmjeren na ja\u010danju kapaciteta medija u Crnoj Gori koji izvje\u0161tavaju na Albanskom jeziku ili imaju posebne redakcije na ovom jeziku, kao i organizacija civilnog dru\u0161tva koje djeluju u oblasti za\u0161tite i promovisanja ljudskih i manjinskih prava. Namjera projekta je [&hellip;]<\/p>\n","protected":false},"author":1,"featured_media":14002,"comment_status":"open","ping_status":"open","sticky":false,"template":"","format":"standard","meta":{"_et_pb_use_builder":"","_et_pb_old_content":"","_et_gb_content_width":"","ngg_post_thumbnail":0,"slim_seo":{"title":"IZAZOVI MEDIJSKOG IZVJE\u0160TAVANJA NA ALBANSKOM JEZIKU - New Horizon NGO","description":"Novi Horizont zapo\u010dinje realizaciju novog projekta pod nazivom \u201eIzazovi medijskog izvje\u0161tavanja na albanskom jeziku\u201c. Projekat je usmjeren na ja\u010danju kapaciteta"},"footnotes":""},"categories":[52],"tags":[],"class_list":["post-14001","post","type-post","status-publish","format-standard","has-post-thumbnail","hentry","category-projekti","et-has-post-format-content","et_post_format-et-post-format-standard"],"_links":{"self":[{"href":"https:\/\/www.ngo-horizonti.org\/mne\/wp-json\/wp\/v2\/posts\/14001","targetHints":{"allow":["GET"]}}],"collection":[{"href":"https:\/\/www.ngo-horizonti.org\/mne\/wp-json\/wp\/v2\/posts"}],"about":[{"href":"https:\/\/www.ngo-horizonti.org\/mne\/wp-json\/wp\/v2\/types\/post"}],"author":[{"embeddable":true,"href":"https:\/\/www.ngo-horizonti.org\/mne\/wp-json\/wp\/v2\/users\/1"}],"replies":[{"embeddable":true,"href":"https:\/\/www.ngo-horizonti.org\/mne\/wp-json\/wp\/v2\/comments?post=14001"}],"version-history":[{"count":10,"href":"https:\/\/www.ngo-horizonti.org\/mne\/wp-json\/wp\/v2\/posts\/14001\/revisions"}],"predecessor-version":[{"id":14711,"href":"https:\/\/www.ngo-horizonti.org\/mne\/wp-json\/wp\/v2\/posts\/14001\/revisions\/14711"}],"wp:featuredmedia":[{"embeddable":true,"href":"https:\/\/www.ngo-horizonti.org\/mne\/wp-json\/wp\/v2\/media\/14002"}],"wp:attachment":[{"href":"https:\/\/www.ngo-horizonti.org\/mne\/wp-json\/wp\/v2\/media?parent=14001"}],"wp:term":[{"taxonomy":"category","embeddable":true,"href":"https:\/\/www.ngo-horizonti.org\/mne\/wp-json\/wp\/v2\/categories?post=14001"},{"taxonomy":"post_tag","embeddable":true,"href":"https:\/\/www.ngo-horizonti.org\/mne\/wp-json\/wp\/v2\/tags?post=14001"}],"curies":[{"name":"wp","href":"https:\/\/api.w.org\/{rel}","templated":true}]}}