{"id":13988,"date":"2024-09-09T09:31:53","date_gmt":"2024-09-09T08:31:53","guid":{"rendered":"https:\/\/www.ngo-horizonti.org\/?p=13988"},"modified":"2026-02-05T10:40:26","modified_gmt":"2026-02-05T09:40:26","slug":"mladi-u-interkulturalnom-dijalogu","status":"publish","type":"post","link":"https:\/\/www.ngo-horizonti.org\/mne\/mladi-u-interkulturalnom-dijalogu\/","title":{"rendered":"MLADI U INTERKULTURALNOM DIJALOGU"},"content":{"rendered":"<p>Novi Horizont zapo\u010dinje realizaciju novog projekta pod nazivom \u201eMLADI U INTERKULTURALNOM DIJALOGU \u201c.<\/p>\n<p>Op\u0161ti cilj ovog projekta je edukacija mladih iz Ulcinja o interkulturalnim vrijednostima i njihovo osna\u017eivanje za promovisanje kulture, tolerancije, uva\u017eavanja razli\u010ditosti i izgradnje me\u0111usobnog povjerenja.<\/p>\n<p>Kroz ovaj projekat koji \u0107e trajati devet mjeseci, radi\u0107emo sa 25 mladih aktivista u cilju stvaranja grupe budu\u0107ih lidera sa oja\u010danim interkulturalnim kompetencijama, sa fokusom na dvije klju\u010dne dimenzije koje ima interkulturalno obrazovanje: uva\u017eavanje razli\u010ditosti i po\u0161tovanje ljudskih prava.<\/p>\n<p>Predvi\u0111ene aktivnosti u sklopu ovog projekta su: \u0160kola interkulturalnog dijaloga, interkulturalni susreti mladih, dvojezi\u010dna medijska kampanja i zavr\u0161ni doga\u0111aj &#8211; dodijela diploma polaznicima projekta.<\/p>\n<p style=\"text-align: justify;\">Ovaj projekat se realizuje u partnerstvu sa NVO \u201eKutak tolerancije\u201c, u okviru Javnog konkursa \u201eInterkulturalnim dijalogom i dru\u0161tvenom kohezijom protiv diskriminacija\u201c, za finansiranje projekata nevladinih organizacija u oblasti &#8216;Za\u0161tita i unaprje\u0111enje ljudskih i manjinskih prava \u2013 Interkulturalizam&#8217; u 2024. godini, podr\u017eanog od strane <strong>Ministarstva ljudskih i manjinskih prava<\/strong>.<\/p>\n<hr>\n<p style=\"text-align: center;\"><strong>IMPLEMENTACIJA PROJEKTA<\/strong><\/p>\n<p style=\"text-align: justify;\"><strong>AKTIVNOST 1<\/strong><br \/>\n13.09.2024 organizovali smo uvodnu aktivnost na projektu \u201eMladi u interkulturalnom dijalogu\u201c.<br \/>\nGosti uvodni\u010dari bili su: predsjednik Op\u0161tine Ulcinj g-din Genci Nimangeu; predsjednica Skup\u0161tine Op\u0161tine g\u0111a. Ivana Popovic\u0301; generalna direktorica Direktorata za interkulturalizam u Ministarstvu ljudskih i manjinska prava g\u0111a. Mila Popovich i slu\u017ebenik ovog direktorata za komunikaciju sa NVO g. Kristjan Dukaj. Polaznici projekta imali su priliku da kroz interaktivnu sesiju postavljaju pitanja gostima, ali i iznesu svoje stavove i mi\u0161ljenja o problemima koje njih preokupiraju po pitanju njihovog uklju\u010divanja u procesu dono\u0161enja odluka. Projekat se realizuje u saradnji sa NVO \u201eKutak tolerancije\u201c.<\/p>\n<p>ngg_shortcode_0_placeholder<iframe loading=\"lazy\" src=\"\/\/www.youtube.com\/embed\/YdwSYcd3mYo\" width=\"560\" height=\"314\" allowfullscreen=\"allowfullscreen\"><\/iframe><\/p>\n<hr>\n<div dir=\"auto\"><strong>AKTIVNOST 2<\/strong><\/div>\n<div dir=\"auto\" style=\"text-align: justify;\">U okviru projekta \u201eMladi u interkulturalnom dijalogu\u201c, koji podr\u017eava \ud835\udde0\ud835\uddf6\ud835\uddfb\ud835\uddf6\ud835\ude00\ud835\ude01\ud835\uddee\ud835\uddff\ud835\ude00\ud835\ude01\ud835\ude03\ud835\uddfc \ud835\uddf9\ud835\uddf7\ud835\ude02\ud835\uddf1\ud835\ude00\ud835\uddf8\ud835\uddf6\ud835\uddf5 \ud835\uddf6 \ud835\uddfa\ud835\uddee\ud835\uddfb\ud835\uddf7\ud835\uddf6\ud835\uddfb\ud835\ude00\ud835\uddf8\ud835\uddf6\ud835\uddf5 \ud835\uddfd\ud835\uddff\ud835\uddee\ud835\ude03\ud835\uddee \u2013 \ud835\uddd7\ud835\uddf6\ud835\uddff\ud835\uddf2\ud835\uddf8\ud835\ude01\ud835\uddfc\ud835\uddff\ud835\uddee\ud835\ude01 \ud835\ude07\ud835\uddee \ud835\uddf6\ud835\uddfb\ud835\ude01\ud835\uddf2\ud835\uddff\ud835\uddf8\ud835\ude02\ud835\uddf9\ud835\ude01\ud835\ude02\ud835\uddff\ud835\uddee\ud835\uddf9\ud835\uddf6\ud835\ude07\ud835\uddee\ud835\uddfa, danas smo odr\u017eali panel diskusiju sa predstavnicima Op\u0161tine Ulcinj i omladinskim aktivistima.<\/div>\n<div dir=\"auto\" style=\"text-align: justify;\">Uvodni\u010darke ovog skupa, Merita Suba\u0161i\u0107 \u0160abanovi\u0107 \u2013 sekretarka za kulturu i dru\u0161tvene delatnosti, Enisa Martinovi\u0107 \u2013 sekretarka za omladinu i sport i Aldina Kolic Nikocevic \u2013 rukovoditeljka sektora za dru\u0161tvene djelatnosti, iznijele su svoja vi\u0111enja i iskustva o procesu uklju\u010divanju mladih u kulturne politike, obrazovne programe i dru\u0161tvene procese na lokalnom nivou, sa posebnim akcentom na izradi novih planove i strategija koje pokre\u0107e Op\u0161tina Ulcinj i u kojima mladi mogu da daju svoj doprinos.<\/div>\n<div dir=\"auto\">ngg_shortcode_1_placeholder<\/p>\n<hr>\n<\/div>\n<p><strong>AKTIVNOST 3<br \/>\n<\/strong><span style=\"text-align: justify;\">12.11.2024, u Knji\u017eari \u201eUlqini\u201c, organizovali smo trec\u0301u po redu radionicu u okviru projekta \u201eMladi u interkulturalnom dijalogu\u201c. Sa omladinskim aktivistima radili smo na unapre\u0111enju tehnika komunikacije i razbijanju predrasuda. Panel je moderirala trenerica Sabra Decevi\u0107.<\/span><\/p>\n<div dir=\"auto\">\n<div dir=\"auto\">ngg_shortcode_2_placeholder<\/div>\n<hr>\n<p><strong>AKTIVNOST 4<br \/>\n<\/strong>26.02.2025 smo odr\u017eali posljednji modul inspirativnog programa neformalne edukacije za mlade \u201e\u0160kola interkulturalnog dijaloga\u201c! Kroz debate, vje\u017ebe, prezentacije, dijalog i grupni rad, 25 omladinskih aktivista razvijalo je interkulturalne kompetencije i u\u010dilo kako da grade me\u0111usobno povjerenje, razumijevanje i po\u0161tovanje razli\u010ditosti.<\/p>\nngg_shortcode_3_placeholder\n<hr>\n<p><strong>ZAVR\u0160NI DOGA\u0110AJ<\/strong><\/p>\n<div dir=\"auto\" style=\"text-align: justify;\">\n<p>U Ulcinju je sve\u010danom dodjelom diploma zvani\u010dno zavr\u0161en projekat \u201eMladi u interkulturalnom dijalogu\u201c. Na sve\u010danoj ceremoniji dodjele diploma, koja je uprili\u010dena na kraju projekta, prisutnima su se obratili predstavnici institucija. Diplome su uru\u010dili generalna direktorka Direktorata za interkulturalizam <strong>Mila Popovi\u0107<\/strong> i <strong>Kristjan Dukaj<\/strong>, slu\u017ebenik za saradnju sa nevladinim organizacijama u Ministarstvu za ljudska i manjinska prava. Tom prilikom istaknuta je va\u017enost ovakvih programa u promociji me\u0111usobnog po\u0161tovanja, tolerancije i zajedni\u010dkog su\u017eivota.<\/p>\n<\/div>\n<\/div>\n<div dir=\"auto\"><img loading=\"lazy\" decoding=\"async\" class=\"aligncenter size-full wp-image-14873\" src=\"https:\/\/www.ngo-horizonti.org\/wp-content\/uploads\/2025\/04\/490888686_1080468454123636_1723212694606517801_n.jpg\" alt=\"490888686 1080468454123636 1723212694606517801 N\" width=\"2048\" height=\"1127\" srcset=\"https:\/\/www.ngo-horizonti.org\/wp-content\/uploads\/2025\/04\/490888686_1080468454123636_1723212694606517801_n.jpg 2048w, https:\/\/www.ngo-horizonti.org\/wp-content\/uploads\/2025\/04\/490888686_1080468454123636_1723212694606517801_n-300x165.jpg 300w, https:\/\/www.ngo-horizonti.org\/wp-content\/uploads\/2025\/04\/490888686_1080468454123636_1723212694606517801_n-1024x564.jpg 1024w, https:\/\/www.ngo-horizonti.org\/wp-content\/uploads\/2025\/04\/490888686_1080468454123636_1723212694606517801_n-768x423.jpg 768w, https:\/\/www.ngo-horizonti.org\/wp-content\/uploads\/2025\/04\/490888686_1080468454123636_1723212694606517801_n-1536x845.jpg 1536w, https:\/\/www.ngo-horizonti.org\/wp-content\/uploads\/2025\/04\/490888686_1080468454123636_1723212694606517801_n-1080x594.jpg 1080w\" sizes=\"(max-width: 2048px) 100vw, 2048px\" \/><\/div>\n<div dir=\"auto\">\n<hr>\n<p><img loading=\"lazy\" decoding=\"async\" class=\"aligncenter wp-image-14104\" src=\"https:\/\/www.ngo-horizonti.org\/wp-content\/uploads\/2024\/10\/Header.png\" alt=\"Header\" width=\"1145\" height=\"204\" srcset=\"https:\/\/www.ngo-horizonti.org\/wp-content\/uploads\/2024\/10\/Header.png 1653w, https:\/\/www.ngo-horizonti.org\/wp-content\/uploads\/2024\/10\/Header-300x53.png 300w, https:\/\/www.ngo-horizonti.org\/wp-content\/uploads\/2024\/10\/Header-1024x182.png 1024w, https:\/\/www.ngo-horizonti.org\/wp-content\/uploads\/2024\/10\/Header-768x137.png 768w, https:\/\/www.ngo-horizonti.org\/wp-content\/uploads\/2024\/10\/Header-1536x273.png 1536w, https:\/\/www.ngo-horizonti.org\/wp-content\/uploads\/2024\/10\/Header-1080x192.png 1080w\" sizes=\"(max-width: 1145px) 100vw, 1145px\" \/><\/p>\n<\/div>\n","protected":false},"excerpt":{"rendered":"<p>Novi Horizont zapo\u010dinje realizaciju novog projekta pod nazivom \u201eMLADI U INTERKULTURALNOM DIJALOGU \u201c. Op\u0161ti cilj ovog projekta je edukacija mladih iz Ulcinja o interkulturalnim vrijednostima i njihovo osna\u017eivanje za promovisanje kulture, tolerancije, uva\u017eavanja razli\u010ditosti i izgradnje me\u0111usobnog povjerenja. Kroz ovaj projekat koji \u0107e trajati devet mjeseci, radi\u0107emo sa 25 mladih aktivista u cilju stvaranja grupe [&hellip;]<\/p>\n","protected":false},"author":1,"featured_media":13989,"comment_status":"open","ping_status":"open","sticky":false,"template":"","format":"standard","meta":{"_et_pb_use_builder":"","_et_pb_old_content":"","_et_gb_content_width":"","ngg_post_thumbnail":0,"slim_seo":{"title":"MLADI U INTERKULTURALNOM DIJALOGU - New Horizon NGO","description":"Novi Horizont zapo\u010dinje realizaciju novog projekta pod nazivom \u201eMLADI U INTERKULTURALNOM DIJALOGU \u201c. Op\u0161ti cilj ovog projekta je edukacija mladih iz Ulcinja o i"},"footnotes":""},"categories":[52],"tags":[],"class_list":["post-13988","post","type-post","status-publish","format-standard","has-post-thumbnail","hentry","category-projekti","et-has-post-format-content","et_post_format-et-post-format-standard"],"_links":{"self":[{"href":"https:\/\/www.ngo-horizonti.org\/mne\/wp-json\/wp\/v2\/posts\/13988","targetHints":{"allow":["GET"]}}],"collection":[{"href":"https:\/\/www.ngo-horizonti.org\/mne\/wp-json\/wp\/v2\/posts"}],"about":[{"href":"https:\/\/www.ngo-horizonti.org\/mne\/wp-json\/wp\/v2\/types\/post"}],"author":[{"embeddable":true,"href":"https:\/\/www.ngo-horizonti.org\/mne\/wp-json\/wp\/v2\/users\/1"}],"replies":[{"embeddable":true,"href":"https:\/\/www.ngo-horizonti.org\/mne\/wp-json\/wp\/v2\/comments?post=13988"}],"version-history":[{"count":10,"href":"https:\/\/www.ngo-horizonti.org\/mne\/wp-json\/wp\/v2\/posts\/13988\/revisions"}],"predecessor-version":[{"id":15857,"href":"https:\/\/www.ngo-horizonti.org\/mne\/wp-json\/wp\/v2\/posts\/13988\/revisions\/15857"}],"wp:featuredmedia":[{"embeddable":true,"href":"https:\/\/www.ngo-horizonti.org\/mne\/wp-json\/wp\/v2\/media\/13989"}],"wp:attachment":[{"href":"https:\/\/www.ngo-horizonti.org\/mne\/wp-json\/wp\/v2\/media?parent=13988"}],"wp:term":[{"taxonomy":"category","embeddable":true,"href":"https:\/\/www.ngo-horizonti.org\/mne\/wp-json\/wp\/v2\/categories?post=13988"},{"taxonomy":"post_tag","embeddable":true,"href":"https:\/\/www.ngo-horizonti.org\/mne\/wp-json\/wp\/v2\/tags?post=13988"}],"curies":[{"name":"wp","href":"https:\/\/api.w.org\/{rel}","templated":true}]}}