{"id":13787,"date":"2024-05-30T14:16:46","date_gmt":"2024-05-30T13:16:46","guid":{"rendered":"https:\/\/www.ngo-horizonti.org\/?p=13787"},"modified":"2024-06-21T09:26:16","modified_gmt":"2024-06-21T08:26:16","slug":"edukativni-kamp-o-pravima-i-slobodama-manjinskih-naroda","status":"publish","type":"post","link":"https:\/\/www.ngo-horizonti.org\/mne\/edukativni-kamp-o-pravima-i-slobodama-manjinskih-naroda\/","title":{"rendered":"Edukativni kamp o pravima i slobodama manjinskih naroda"},"content":{"rendered":"<div dir=\"auto\">\n<p style=\"text-align: justify;\">Od 26. do 29. maja 2024. godine odr\u017eali smo edukativni kamp sa mladima iz Plava, Gusinje, Ulcinja i Tuzi.<br \/>\nU sali Skup\u0161tine op\u0161tine Gusinje organizovali smo informativni panel koji se odnosi na slobode i prava manjinskih naroda, mehanizme za o\u010duvanje i za\u0161titu ovih prava, potrebu obrazovanja mladih iz manjinskih zajednica za promovisanje i o\u010duvanje svojih nacionalnih, jezi\u010dkih, kulturnih, i drugih posebnosti.<br \/>\nTokom kampa smo diskutovali i o mogu\u0107nostima unaprije\u0111enja programa i aktivnosti koje doprinose njihovom aktivnom u\u010de\u0161c\u0301u u javnom \u017eivotu, kako na lokalnom tako i na centralnom nivou.<br \/>\nPredava\u010di i panelisti ove sesije bili su:<br \/>\n<strong>Bujar Hasangjekaj<\/strong> \u2013 predsjednik Lokalnog parlamenta Gusinje;<br \/>\n<strong>Arben Xhurreta<\/strong> \u2013 generalni direktor Direktorata za unapre\u0111enje i za\u0161titu prava manjinskih naroda i drugih manjinskih nacionalnih zajednica;<br \/>\n<strong>Faik Nika<\/strong> \u2013 predsjednik Nacionalnog savjeta Albanaca u Crnoj Gori;<br \/>\n<strong>Arlinda Osmani<\/strong> &#8211; direktorka knji\u017eare &#8220;Ulqini&#8221;;<br \/>\n<strong>Nazif Veli\u0107<\/strong>&nbsp;&#8211; direktor NVO Novi Horizont.<\/p>\n<p><iframe loading=\"lazy\" src=\"\/\/www.youtube.com\/embed\/r6EGalHkANg\" width=\"560\" height=\"314\" allowfullscreen=\"allowfullscreen\"><\/iframe><\/p>\n<p style=\"text-align: justify;\">U nastavku boravka u op\u0161tini Gusinje, u\u010desnici projekta posjetili su Centar za kulturu Gusinje, lokalnu biblioteku kao i Etnografski muzej \u201eGusinjska soba\u201c.<br \/>\nU op\u0161tini Plav mladi su odr\u017eali radionice i diskusije u Centru za kulturu &#8220;Husein Ba\u0161i\u0107&#8221; kao i u Gradskoj biblioteci.<\/p>\n<p><img loading=\"lazy\" decoding=\"async\" class=\"aligncenter size-large wp-image-13780\" src=\"https:\/\/www.ngo-horizonti.org\/wp-content\/uploads\/2024\/05\/Vizita-02-1-1024x463.jpg\" alt=\"Vizita 02+\" width=\"1024\" height=\"463\" srcset=\"https:\/\/www.ngo-horizonti.org\/wp-content\/uploads\/2024\/05\/Vizita-02-1-1024x463.jpg 1024w, https:\/\/www.ngo-horizonti.org\/wp-content\/uploads\/2024\/05\/Vizita-02-1-300x136.jpg 300w, https:\/\/www.ngo-horizonti.org\/wp-content\/uploads\/2024\/05\/Vizita-02-1-768x347.jpg 768w, https:\/\/www.ngo-horizonti.org\/wp-content\/uploads\/2024\/05\/Vizita-02-1-1536x694.jpg 1536w, https:\/\/www.ngo-horizonti.org\/wp-content\/uploads\/2024\/05\/Vizita-02-1-2048x926.jpg 2048w, https:\/\/www.ngo-horizonti.org\/wp-content\/uploads\/2024\/05\/Vizita-02-1-1080x488.jpg 1080w\" sizes=\"(max-width: 1024px) 100vw, 1024px\" \/>Trec\u0301eg dana ovog kampa svi u\u010desnici projekta okupili su se u Gimnaziji \u201eBe\u0107o Ba\u0161i\u0107\u201d gdje su razgovarali o zna\u010daju neformalnog obrazovanja mladih pripadnika manjinskih naroda u Crnoj Gori, sa posebnim akcentom na obrazovanje za identitetske vrijednosti i promociju interkulturalnog dijaloga.<\/p>\n<p>Aktivnost je dio projekta \u201cMladi anga\u017eovani u za\u0161titi i promociji manjinskih prava i sloboda\u201d, koji NVO Novi Horizont realizuje uz finansijsku podr\u0161ku Ministarstva ljudskih i manjinskih prava.<\/p>\n<\/div>\n<div dir=\"auto\">\n<hr>\n<\/div>\n<div dir=\"auto\"><img loading=\"lazy\" decoding=\"async\" class=\"aligncenter size-large wp-image-13770\" src=\"https:\/\/www.ngo-horizonti.org\/wp-content\/uploads\/2024\/05\/logo-projekta-1024x170.png\" alt=\"logo projekta\" width=\"1024\" height=\"170\" srcset=\"https:\/\/www.ngo-horizonti.org\/wp-content\/uploads\/2024\/05\/logo-projekta-1024x170.png 1024w, https:\/\/www.ngo-horizonti.org\/wp-content\/uploads\/2024\/05\/logo-projekta-300x50.png 300w, https:\/\/www.ngo-horizonti.org\/wp-content\/uploads\/2024\/05\/logo-projekta-768x128.png 768w, https:\/\/www.ngo-horizonti.org\/wp-content\/uploads\/2024\/05\/logo-projekta-1536x255.png 1536w, https:\/\/www.ngo-horizonti.org\/wp-content\/uploads\/2024\/05\/logo-projekta-1080x180.png 1080w, https:\/\/www.ngo-horizonti.org\/wp-content\/uploads\/2024\/05\/logo-projekta.png 1600w\" sizes=\"(max-width: 1024px) 100vw, 1024px\" \/><\/div>\n","protected":false},"excerpt":{"rendered":"<p>Od 26. do 29. maja 2024. godine odr\u017eali smo edukativni kamp sa mladima iz Plava, Gusinje, Ulcinja i Tuzi. U sali Skup\u0161tine op\u0161tine Gusinje organizovali smo informativni panel koji se odnosi na slobode i prava manjinskih naroda, mehanizme za o\u010duvanje i za\u0161titu ovih prava, potrebu obrazovanja mladih iz manjinskih zajednica za promovisanje i o\u010duvanje svojih [&hellip;]<\/p>\n","protected":false},"author":1,"featured_media":13767,"comment_status":"open","ping_status":"open","sticky":false,"template":"","format":"standard","meta":{"_et_pb_use_builder":"","_et_pb_old_content":"","_et_gb_content_width":"","ngg_post_thumbnail":0,"slim_seo":{"title":"Edukativni kamp o pravima i slobodama manjinskih naroda - New Horizon NGO","description":"Od 26. do 29. maja 2024. godine odr\u017eali smo edukativni kamp sa mladima iz Plava, Gusinje, Ulcinja i Tuzi. U sali Skup\u0161tine op\u0161tine Gusinje organizovali smo info"},"footnotes":""},"categories":[51],"tags":[],"class_list":["post-13787","post","type-post","status-publish","format-standard","has-post-thumbnail","hentry","category-aktivnosti","et-has-post-format-content","et_post_format-et-post-format-standard"],"_links":{"self":[{"href":"https:\/\/www.ngo-horizonti.org\/mne\/wp-json\/wp\/v2\/posts\/13787","targetHints":{"allow":["GET"]}}],"collection":[{"href":"https:\/\/www.ngo-horizonti.org\/mne\/wp-json\/wp\/v2\/posts"}],"about":[{"href":"https:\/\/www.ngo-horizonti.org\/mne\/wp-json\/wp\/v2\/types\/post"}],"author":[{"embeddable":true,"href":"https:\/\/www.ngo-horizonti.org\/mne\/wp-json\/wp\/v2\/users\/1"}],"replies":[{"embeddable":true,"href":"https:\/\/www.ngo-horizonti.org\/mne\/wp-json\/wp\/v2\/comments?post=13787"}],"version-history":[{"count":5,"href":"https:\/\/www.ngo-horizonti.org\/mne\/wp-json\/wp\/v2\/posts\/13787\/revisions"}],"predecessor-version":[{"id":13851,"href":"https:\/\/www.ngo-horizonti.org\/mne\/wp-json\/wp\/v2\/posts\/13787\/revisions\/13851"}],"wp:featuredmedia":[{"embeddable":true,"href":"https:\/\/www.ngo-horizonti.org\/mne\/wp-json\/wp\/v2\/media\/13767"}],"wp:attachment":[{"href":"https:\/\/www.ngo-horizonti.org\/mne\/wp-json\/wp\/v2\/media?parent=13787"}],"wp:term":[{"taxonomy":"category","embeddable":true,"href":"https:\/\/www.ngo-horizonti.org\/mne\/wp-json\/wp\/v2\/categories?post=13787"},{"taxonomy":"post_tag","embeddable":true,"href":"https:\/\/www.ngo-horizonti.org\/mne\/wp-json\/wp\/v2\/tags?post=13787"}],"curies":[{"name":"wp","href":"https:\/\/api.w.org\/{rel}","templated":true}]}}