{"id":13688,"date":"2024-05-23T13:47:25","date_gmt":"2024-05-23T12:47:25","guid":{"rendered":"https:\/\/www.ngo-horizonti.org\/?p=13688"},"modified":"2024-05-25T10:29:45","modified_gmt":"2024-05-25T09:29:45","slug":"edukacija-o-identitetskim-vrijednostima","status":"publish","type":"post","link":"https:\/\/www.ngo-horizonti.org\/mne\/edukacija-o-identitetskim-vrijednostima\/","title":{"rendered":"EDUKACIJA O IDENTITETSKIM VRIJEDNOSTIMA"},"content":{"rendered":"<p style=\"text-align: justify;\">Organizacija civilnog dru\u0161tva Novi Horizont iz Ulcinja sprovodi projekat pod nazivom \u201eEDUKACIJA O IDENTITETSKIM VRIJEDNOSTIMA\u201c, koji okuplja srednjo\u0161kolce iz Plava, Gusinja, Tuzi i Ulcinja.<br \/>\n<strong>Op\u0161ti cilj<\/strong>&nbsp;projekta odnosi se na podizanje svijesti pripadnika manjinskog naroda u Crnoj Gori o svojim pravima i obavezama, te na\u010dinima ostvarivanja i za\u0161tite svojih prava.<br \/>\n<strong>Specifi\u010dni cilj<\/strong>&nbsp;projekta je: izgradnja i ja\u010danje kompetencija mladih Albanaca za o\u010duvanje i promociju svojih nacionalnih, kulturnih i drugih identitetskih vrijednosti kao i podizanje njihove sposobnosti da budu promoteri antidiskriminacije i smanjenja etni\u010dke distance u Crnoj Gori.<br \/>\nU fokusu ovog programa je <em>Edukativni kamp<\/em> za ljudska prava, slobode i odgovornosti manjinskih naroda.<br \/>\nU teorijskom dijelu programa studenti se upoznaju sa pojmom identiteta, izazovima u o\u010duvanju identitetskih vrijednosti pripadnika manjinskih naroda u Crnoj Gori kao i predrasudama i stereotipima vezanim za ovaj koncept.<br \/>\nPolaznici ovog projekta, pored trening sesija i predavanja, u\u010destvuju u studijskim posjetama obrazovnim i kulturnim institucijama i obilaze spomenike kulturne ba\u0161tine grada Ulcinja.<\/p>\n<p>Projekat se realizuje uz podr\u0161ku <strong>Fonda za za\u0161titu i ostvarivanje manjinskih prava Crne Gore.<\/strong><\/p>\n<hr>\n<hr>\n<h1 style=\"text-align: center;\"><span style=\"color: #000080;\"><strong>IMPLEMENTACIJA PROJEKTA&nbsp;<\/strong><\/span><\/h1>\n<h3 dir=\"auto\"><span style=\"color: #000080;\"><strong>EDUKATIVNI KAMP:<\/strong><\/span><\/h3>\n<div dir=\"auto\" style=\"text-align: justify;\">Edukativni kamp o ljudskim i manjinskim pravima je okupio 25 mladih iz Plava, Gusinja, Tuzi i Ulcinja.<br \/>\nTokom kampa polaznici programa su upoznati sa konceptom identiteta, ljudksih prava, izazovima u o\u010duvanju identitetskih vrijednosti u integracijskim procesima, predrasudama i stereotipima, konceptu interkulturalizma i drugim temama vezanim za ljudska i manjinska prava.<br \/>\nPartnerske obrazovne ustanove na projektu: Srednja mje\u0161ovita \u0161kola &#8220;Bratstvo jedinstvo&#8221; Ulcinj, Gimnazija &#8220;25 maj&#8221; Tuzi i Srednja mje\u0161ovita \u0161kola &#8220;Be\u0107o Ba\u0161i\u0107&#8221; Plav.<br \/>\nngg_shortcode_0_placeholder<\/div>\n<div dir=\"auto\" style=\"text-align: justify;\">\n<p style=\"text-align: center;\"><a href=\"https:\/\/www.youtube.com\/watch?v=ben9lCBCtQU\"><iframe loading=\"lazy\" src=\"\/\/www.youtube.com\/embed\/ben9lCBCtQU\" width=\"560\" height=\"314\" allowfullscreen=\"allowfullscreen\"><\/iframe><\/a><\/p>\n<hr>\n<h2><span style=\"color: #000080;\"><strong>STUDIJSKE POSJETE:<\/strong><\/span><\/h2>\n<\/div>\n<div dir=\"auto\" style=\"text-align: justify;\"><strong>1) GRADSKA BIBLIOTEKA I KUTAK ZA MLADE<\/strong><\/div>\n<div dir=\"auto\">\n<div dir=\"auto\" style=\"text-align: justify;\">Sa na\u0161im mladim gostima iz Plava, Gusinja i Tuzi posjetili smo Gradsku biblioteku &#8211; Ulcinj. Upravnica ove ustanove, g\u0111. Ardita Rama po\u017eelela im je dobrodo\u0161licu u Kutku za mlade &#8211; jedinstvenom prostoru gdje se godinama promovi\u0161e neformalno obrazovanje mladih i upoznala prisutne sa svim programskim i materijalnim sadr\u017eajima ove ustanove.<\/div>\nngg_shortcode_1_placeholder\n<p style=\"text-align: justify;\"><strong>2) POSJETA&nbsp; KNJI\u017dARE &#8220;ULQINI&#8221;<br \/>\n<\/strong>Drugog dana realizacije projekta \u201eObrazovanje o identitetskim vrijednostima\u201c, srednjo\u0161kolci iz Plava i Gusinja, Ulcinja i Tuzi posjetili su Knji\u017earu &#8220;Ulqini&#8221;, gdje ih je primio predsjednik Nacionalnog savjeta albanaca u Crnoj Gori g. Faik Nika i direktorka ove ustanove Arlinda Osmani.<\/p>\nngg_shortcode_2_placeholder\n<p style=\"text-align: justify;\"><strong>3) POSJETA STAROG GRADA I MUZEJSKOG KOMPLEKSA<br \/>\n<\/strong>Tre\u0107eg dana programa boravka u Ulcinju, u\u010desnici projekta su posjetili Ulcinjsku tvr\u0111avu i muzejski kompleks u Starom Gradu. O istorijskim, kulturnim, etnolo\u0161kim, etnografskim, turisti\u010dkim i drugim specifi\u010dnostima ovog lokaliteta, prisutne u\u010desnike je upoznao rukovodilac ovog kompleksa, g. Gazmend Kova\u010di.<\/p>\nngg_shortcode_3_placeholder\n<p style=\"text-align: justify;\"><strong>4) DODJELA DIPLOMA<br \/>\n<\/strong>Projekat je zavr\u0161en dodjelom sertifikata o ste\u010denim znanjima i iskustva svim u\u010desnicima trodnevnog programa \u201eEDUKACIJA O IDENTITETSKIM VRIJEDNOSTIMA\u201c.<\/p>\n<p><strong><img loading=\"lazy\" decoding=\"async\" class=\"aligncenter size-full wp-image-13716\" src=\"https:\/\/www.ngo-horizonti.org\/wp-content\/uploads\/2024\/05\/FOTO-ilustrim.jpg\" alt=\"FOTO ilustrim\" width=\"1024\" height=\"538\" srcset=\"https:\/\/www.ngo-horizonti.org\/wp-content\/uploads\/2024\/05\/FOTO-ilustrim.jpg 1024w, https:\/\/www.ngo-horizonti.org\/wp-content\/uploads\/2024\/05\/FOTO-ilustrim-300x158.jpg 300w, https:\/\/www.ngo-horizonti.org\/wp-content\/uploads\/2024\/05\/FOTO-ilustrim-768x404.jpg 768w\" sizes=\"(max-width: 1024px) 100vw, 1024px\" \/><\/strong><\/p>\n<hr>\n<p style=\"text-align: justify;\"><img loading=\"lazy\" decoding=\"async\" class=\"aligncenter size-large wp-image-13689\" src=\"https:\/\/www.ngo-horizonti.org\/wp-content\/uploads\/2024\/05\/viber_slika_2024-05-23_11-43-43-936-1024x202.png\" alt=\"viber_slika_2024-05-23_11-43-43-936\" width=\"1024\" height=\"202\" srcset=\"https:\/\/www.ngo-horizonti.org\/wp-content\/uploads\/2024\/05\/viber_slika_2024-05-23_11-43-43-936-1024x202.png 1024w, https:\/\/www.ngo-horizonti.org\/wp-content\/uploads\/2024\/05\/viber_slika_2024-05-23_11-43-43-936-300x59.png 300w, https:\/\/www.ngo-horizonti.org\/wp-content\/uploads\/2024\/05\/viber_slika_2024-05-23_11-43-43-936-768x152.png 768w, https:\/\/www.ngo-horizonti.org\/wp-content\/uploads\/2024\/05\/viber_slika_2024-05-23_11-43-43-936-1536x303.png 1536w, https:\/\/www.ngo-horizonti.org\/wp-content\/uploads\/2024\/05\/viber_slika_2024-05-23_11-43-43-936-2048x404.png 2048w, https:\/\/www.ngo-horizonti.org\/wp-content\/uploads\/2024\/05\/viber_slika_2024-05-23_11-43-43-936-1080x213.png 1080w\" sizes=\"(max-width: 1024px) 100vw, 1024px\" \/><\/p>\n<\/div>\n","protected":false},"excerpt":{"rendered":"<p>Organizacija civilnog dru\u0161tva Novi Horizont iz Ulcinja sprovodi projekat pod nazivom \u201eEDUKACIJA O IDENTITETSKIM VRIJEDNOSTIMA\u201c, koji okuplja srednjo\u0161kolce iz Plava, Gusinja, Tuzi i Ulcinja. Op\u0161ti cilj&nbsp;projekta odnosi se na podizanje svijesti pripadnika manjinskog naroda u Crnoj Gori o svojim pravima i obavezama, te na\u010dinima ostvarivanja i za\u0161tite svojih prava. Specifi\u010dni cilj&nbsp;projekta je: izgradnja i ja\u010danje [&hellip;]<\/p>\n","protected":false},"author":1,"featured_media":13684,"comment_status":"open","ping_status":"open","sticky":false,"template":"","format":"standard","meta":{"_et_pb_use_builder":"","_et_pb_old_content":"","_et_gb_content_width":"","ngg_post_thumbnail":0,"slim_seo":{"title":"EDUKACIJA O IDENTITETSKIM VRIJEDNOSTIMA - New Horizon NGO","description":"Organizacija civilnog dru\u0161tva Novi Horizont iz Ulcinja sprovodi projekat pod nazivom \u201eEDUKACIJA O IDENTITETSKIM VRIJEDNOSTIMA\u201c, koji okuplja srednjo\u0161kolce iz Pl"},"footnotes":""},"categories":[52],"tags":[],"class_list":["post-13688","post","type-post","status-publish","format-standard","has-post-thumbnail","hentry","category-projekti","et-has-post-format-content","et_post_format-et-post-format-standard"],"_links":{"self":[{"href":"https:\/\/www.ngo-horizonti.org\/mne\/wp-json\/wp\/v2\/posts\/13688","targetHints":{"allow":["GET"]}}],"collection":[{"href":"https:\/\/www.ngo-horizonti.org\/mne\/wp-json\/wp\/v2\/posts"}],"about":[{"href":"https:\/\/www.ngo-horizonti.org\/mne\/wp-json\/wp\/v2\/types\/post"}],"author":[{"embeddable":true,"href":"https:\/\/www.ngo-horizonti.org\/mne\/wp-json\/wp\/v2\/users\/1"}],"replies":[{"embeddable":true,"href":"https:\/\/www.ngo-horizonti.org\/mne\/wp-json\/wp\/v2\/comments?post=13688"}],"version-history":[{"count":10,"href":"https:\/\/www.ngo-horizonti.org\/mne\/wp-json\/wp\/v2\/posts\/13688\/revisions"}],"predecessor-version":[{"id":13761,"href":"https:\/\/www.ngo-horizonti.org\/mne\/wp-json\/wp\/v2\/posts\/13688\/revisions\/13761"}],"wp:featuredmedia":[{"embeddable":true,"href":"https:\/\/www.ngo-horizonti.org\/mne\/wp-json\/wp\/v2\/media\/13684"}],"wp:attachment":[{"href":"https:\/\/www.ngo-horizonti.org\/mne\/wp-json\/wp\/v2\/media?parent=13688"}],"wp:term":[{"taxonomy":"category","embeddable":true,"href":"https:\/\/www.ngo-horizonti.org\/mne\/wp-json\/wp\/v2\/categories?post=13688"},{"taxonomy":"post_tag","embeddable":true,"href":"https:\/\/www.ngo-horizonti.org\/mne\/wp-json\/wp\/v2\/tags?post=13688"}],"curies":[{"name":"wp","href":"https:\/\/api.w.org\/{rel}","templated":true}]}}