{"id":13623,"date":"2024-02-18T13:57:01","date_gmt":"2024-02-18T12:57:01","guid":{"rendered":"https:\/\/www.ngo-horizonti.org\/?p=13623"},"modified":"2024-06-03T09:20:16","modified_gmt":"2024-06-03T08:20:16","slug":"mladi-i-ljudska-prava-teznja-za-bolje-drustvo-u-kojem-zele-zivjeti","status":"publish","type":"post","link":"https:\/\/www.ngo-horizonti.org\/mne\/mladi-i-ljudska-prava-teznja-za-bolje-drustvo-u-kojem-zele-zivjeti\/","title":{"rendered":"Mladi i ljudska prava: TE\u017dNJA ZA BOLJE DRU\u0160TVO U KOJEM \u017dELE \u017dIVJETI"},"content":{"rendered":"<p style=\"text-align: justify;\">Pro\u0161lo je vi\u0161e od 75 godina od dono\u0161enja Op\u0161te deklaracije o ljudskim pravima koja u sredi\u0161te stavlja dostojanstvo i pravednost te jednakost svih ljudskih bi\u0107a. Dono\u0161enje Deklaracije obilje\u017eilo je nastavak 20. i po\u010detak 21. vijeka iniciraju\u0107i niz politi\u010dkih i dru\u0161tvenih promjena. Ideja napretka i dru\u0161tvenog razvoja koja stoji iza ove Deklaracije usmjerena je novim generacijama i njihovom doprinosu sigurnijem i pravednijem svijetu.<br \/>\nMe\u0111utim, postavlja se pitanje da li danas mla\u0111e generacije razumiju uslove koji su doveli do uspostavljanja cjelokupnog mehanizma institucionalne za\u0161tite ljudskih prava na globalnom nivou, odnosno poznaju li mladi danas temeljna ljudska prava i vrijednosti koje po\u010divaju u jednakosti svih ljudskih bi\u0107a?<br \/>\n\u010cini se da je u aktuelnom trenutku stra\u0161nih ratova na na\u0161oj planeti va\u017enije nego ikada, prakti\u010dno imperativ da mladi ljudi u\u010de o ljudskim pravima, o nenasilnom pona\u0161anju i rje\u0161avanju sukoba, o ekolo\u0161kim navikama, politi\u010dkoj participaciji i odgovornom gra\u0111anstvu, te stvaranju inkluzivnog i kohezivnog dru\u0161tva po mjeri svih gra\u0111ana.<\/p>\n<p style=\"text-align: justify;\">Naravno, ne sa ciljem da im se sve to name\u0107e, jer oni veoma dobro vide stvari. Oni se, pokazuju to ovih dana na ameri\u010dkim i evropskim univerzitetima, bore za svijet u kojem \u017eele da \u017eive.&nbsp;<br \/>\nVa\u017enu ulogu u svemu tome imaju institucije dr\u017eave, odnosno vaspitno-obrazovni sistem unutar kojeg se sadr\u017eajno i metodolo\u0161ki usvajaju znanja, vje\u0161tine i kompetencije mladog aktivnog gra\u0111anina u jednom demokratskom dru\u0161tvu. Obrazovanje za ljudska prava postavlja standarde, ali donosi i promjene.<\/p>\n<p><img loading=\"lazy\" decoding=\"async\" class=\"wp-image-13628 size-large\" src=\"https:\/\/www.ngo-horizonti.org\/wp-content\/uploads\/2024\/05\/02-scaled-e1715950248218-1024x558.jpg\" alt=\"Five friendly students are walking after they passed test outside the college building and discuss the project\" width=\"1024\" height=\"558\" srcset=\"https:\/\/www.ngo-horizonti.org\/wp-content\/uploads\/2024\/05\/02-scaled-e1715950248218-1024x558.jpg 1024w, https:\/\/www.ngo-horizonti.org\/wp-content\/uploads\/2024\/05\/02-scaled-e1715950248218-300x163.jpg 300w, https:\/\/www.ngo-horizonti.org\/wp-content\/uploads\/2024\/05\/02-scaled-e1715950248218-768x418.jpg 768w, https:\/\/www.ngo-horizonti.org\/wp-content\/uploads\/2024\/05\/02-scaled-e1715950248218-1536x836.jpg 1536w, https:\/\/www.ngo-horizonti.org\/wp-content\/uploads\/2024\/05\/02-scaled-e1715950248218-2048x1115.jpg 2048w, https:\/\/www.ngo-horizonti.org\/wp-content\/uploads\/2024\/05\/02-scaled-e1715950248218-1080x588.jpg 1080w\" sizes=\"(max-width: 1024px) 100vw, 1024px\" \/><\/p>\n<p style=\"text-align: justify;\">Mladi ljudi moraju imati sposobnost kriti\u010dkog mi\u0161ljenja, moralnog izbora, zauzimanja na\u010delnih stavova o nekom pitanju i osmi\u0161ljavanja demokratskih akcija. Samo osobe koje razumiju ljudska prava radi\u0107e na obezbje\u0111enju i odbrani svojih i tu\u0111ih ljudskih prava. A za takav anga\u017eman potrebna je dobra informisanost.<br \/>\nTu je i civilni sektor, kojem su mladi pogonsko gorivo u zagovaranju promjena i korektivnoj ulozi prema vlastima. Prenosom znanja, razvijanjem vje\u0161tina i izgradnjom stavova, obrazovanje za ljudska prava podi\u017ee svijest o na\u0161oj zajedni\u010dkoj osnovi za za\u0161titu ljudskog dostojanstva i ljudske bezbjednosti. Dnevno svjedo\u010dimo tim potrebama.<br \/>\nZato i vlasti i mladi trebaju biti spremni i sposobni da preuzmu odgovornost. A to zna\u010di da moraju na sve ovo imati <em>odgovor<\/em>.<\/p>\n<p style=\"text-align: justify;\"><em>Ovaj tekst je nastao u okviru projekta <strong>\u201cMladi anga\u017eovani u za\u0161titi i promociji manjinskih prava i sloboda\u201d<\/strong>, koji podr\u017eava <strong>Ministarstvo ljudskih i manjinskih prava Crne Gore,<\/strong> u sklopu Javnog konkursa \u201eIntegracija sa identitetom manjinskih naroda i drugih manjinskih nacionalnih zajednica u crnogorsko dru\u0161tvo\u201c, u oblasti za\u0161tite i promovisanje prava manjinskih naroda i drugih nacionalnih zajednica u 2023. godini. <\/em><em>Sadr\u017eaj ovog teksta isklju\u010diva je odgovornost NVO Novi Horizont i ne odra\u017eava nu\u017eno stavove donatora.<\/em><\/p>\n<hr>\n<p><img loading=\"lazy\" decoding=\"async\" class=\"aligncenter size-large wp-image-13255\" src=\"https:\/\/www.ngo-horizonti.org\/wp-content\/uploads\/2024\/01\/FOOTER-CG-1024x171.png\" alt=\"FOOTER CG\" width=\"1024\" height=\"171\" srcset=\"https:\/\/www.ngo-horizonti.org\/wp-content\/uploads\/2024\/01\/FOOTER-CG-1024x171.png 1024w, https:\/\/www.ngo-horizonti.org\/wp-content\/uploads\/2024\/01\/FOOTER-CG-300x50.png 300w, https:\/\/www.ngo-horizonti.org\/wp-content\/uploads\/2024\/01\/FOOTER-CG-768x128.png 768w, https:\/\/www.ngo-horizonti.org\/wp-content\/uploads\/2024\/01\/FOOTER-CG-1536x256.png 1536w, https:\/\/www.ngo-horizonti.org\/wp-content\/uploads\/2024\/01\/FOOTER-CG-2048x342.png 2048w, https:\/\/www.ngo-horizonti.org\/wp-content\/uploads\/2024\/01\/FOOTER-CG-1080x180.png 1080w\" sizes=\"(max-width: 1024px) 100vw, 1024px\" \/><\/p>\n","protected":false},"excerpt":{"rendered":"<p>Pro\u0161lo je vi\u0161e od 75 godina od dono\u0161enja Op\u0161te deklaracije o ljudskim pravima koja u sredi\u0161te stavlja dostojanstvo i pravednost te jednakost svih ljudskih bi\u0107a. Dono\u0161enje Deklaracije obilje\u017eilo je nastavak 20. i po\u010detak 21. vijeka iniciraju\u0107i niz politi\u010dkih i dru\u0161tvenih promjena. Ideja napretka i dru\u0161tvenog razvoja koja stoji iza ove Deklaracije usmjerena je novim generacijama [&hellip;]<\/p>\n","protected":false},"author":1,"featured_media":13637,"comment_status":"open","ping_status":"open","sticky":false,"template":"","format":"standard","meta":{"_et_pb_use_builder":"","_et_pb_old_content":"","_et_gb_content_width":"","ngg_post_thumbnail":0,"slim_seo":{"title":"Mladi i ljudska prava: TE\u017dNJA ZA BOLJE DRU\u0160TVO U KOJEM \u017dELE \u017dIVJETI - New Horizon NGO","description":"Pro\u0161lo je vi\u0161e od 75 godina od dono\u0161enja Op\u0161te deklaracije o ljudskim pravima koja u sredi\u0161te stavlja dostojanstvo i pravednost te jednakost svih ljudskih bi\u0107a."},"footnotes":""},"categories":[51],"tags":[],"class_list":["post-13623","post","type-post","status-publish","format-standard","has-post-thumbnail","hentry","category-aktivnosti","et-has-post-format-content","et_post_format-et-post-format-standard"],"_links":{"self":[{"href":"https:\/\/www.ngo-horizonti.org\/mne\/wp-json\/wp\/v2\/posts\/13623","targetHints":{"allow":["GET"]}}],"collection":[{"href":"https:\/\/www.ngo-horizonti.org\/mne\/wp-json\/wp\/v2\/posts"}],"about":[{"href":"https:\/\/www.ngo-horizonti.org\/mne\/wp-json\/wp\/v2\/types\/post"}],"author":[{"embeddable":true,"href":"https:\/\/www.ngo-horizonti.org\/mne\/wp-json\/wp\/v2\/users\/1"}],"replies":[{"embeddable":true,"href":"https:\/\/www.ngo-horizonti.org\/mne\/wp-json\/wp\/v2\/comments?post=13623"}],"version-history":[{"count":7,"href":"https:\/\/www.ngo-horizonti.org\/mne\/wp-json\/wp\/v2\/posts\/13623\/revisions"}],"predecessor-version":[{"id":13646,"href":"https:\/\/www.ngo-horizonti.org\/mne\/wp-json\/wp\/v2\/posts\/13623\/revisions\/13646"}],"wp:featuredmedia":[{"embeddable":true,"href":"https:\/\/www.ngo-horizonti.org\/mne\/wp-json\/wp\/v2\/media\/13637"}],"wp:attachment":[{"href":"https:\/\/www.ngo-horizonti.org\/mne\/wp-json\/wp\/v2\/media?parent=13623"}],"wp:term":[{"taxonomy":"category","embeddable":true,"href":"https:\/\/www.ngo-horizonti.org\/mne\/wp-json\/wp\/v2\/categories?post=13623"},{"taxonomy":"post_tag","embeddable":true,"href":"https:\/\/www.ngo-horizonti.org\/mne\/wp-json\/wp\/v2\/tags?post=13623"}],"curies":[{"name":"wp","href":"https:\/\/api.w.org\/{rel}","templated":true}]}}