{"id":13614,"date":"2024-03-05T09:55:28","date_gmt":"2024-03-05T08:55:28","guid":{"rendered":"https:\/\/www.ngo-horizonti.org\/?p=13614"},"modified":"2024-06-03T09:21:44","modified_gmt":"2024-06-03T08:21:44","slug":"edukacija-mladih-za-ljudska-prava-usmjerenje-u-vremenima-nesigurnosti-i-promjena","status":"publish","type":"post","link":"https:\/\/www.ngo-horizonti.org\/mne\/edukacija-mladih-za-ljudska-prava-usmjerenje-u-vremenima-nesigurnosti-i-promjena\/","title":{"rendered":"Edukacija mladih za ljudska prava: USMJERENJE U VREMENIMA NESIGURNOSTI I PROMJENA"},"content":{"rendered":"<p style=\"text-align: justify;\">\u201eObrazovanje mora biti usmjereno ka punom razvoju ljudske li\u010dnosti i ja\u010danju po\u0161tovanja ljudskih prava i osnovnih sloboda. Ono mora promovisati razumijevanje, toleranciju i i prijateljstvo me\u0111u svim nacijama, rasnim ili vjerskim grupama, i pomagati djelatnosti Ujedinjenih nacija na odr\u017eavanju mira\u201d (\u010clan 26 Univerzalne deklaracije o ljudskim pravima).<br \/>\nSve zna\u010dajnije me\u0111unarodne i evropske institucije nakon Drugog svjetskog rata (Ujedinjene nacije i Savjet Evrope, na primjer) nastale su kao odgovor na neke od najgorih oblika sukoba i varvarstva koje je ljudski rod do tada do\u017eivio.<br \/>\nIz njihovog konkretnog rada nastale su potom Univerzalna deklaracija o ljudskim pravima i Evropska konvencija o ljudskim pravima, kao i drugi instrumenti koji su se kasnije razvijali \u2013 protiv mu\u010denja, za socijalna prava, itd. \u2013 kako bi se osigurala efikasna podr\u0161ka pojedincima i nevladinim organizacijama koje se bore protiv nepravde, ugnjetavanja i diskriminacije.<br \/>\nBile su to godine i decenije prosperiteta kada se mnogo uradilo na unapre\u0111enju ljudskih prava. No, svjedoci smo da je mnogo ljudi u svijetu, pa i u Evropi \u010dija su prava povrije\u0111ena, ignorisana ili potisnuta.<\/p>\n<p style=\"text-align: justify;\"><img loading=\"lazy\" decoding=\"async\" class=\"aligncenter size-full wp-image-13615\" src=\"https:\/\/www.ngo-horizonti.org\/wp-content\/uploads\/2024\/05\/Ilustrime.jpg\" alt=\"Ilustrime\" width=\"800\" height=\"533\" srcset=\"https:\/\/www.ngo-horizonti.org\/wp-content\/uploads\/2024\/05\/Ilustrime.jpg 800w, https:\/\/www.ngo-horizonti.org\/wp-content\/uploads\/2024\/05\/Ilustrime-300x200.jpg 300w, https:\/\/www.ngo-horizonti.org\/wp-content\/uploads\/2024\/05\/Ilustrime-768x512.jpg 768w\" sizes=\"(max-width: 800px) 100vw, 800px\" \/><\/p>\n<p style=\"text-align: justify;\">Svaki \u010dovjek posjeduje osnovna ljudska prava jednostavno zbog toga \u0161to je ljudsko bi\u0107e. Zato su dr\u017eave, organizacije i sva ljudska bi\u0107a du\u017ena da ih priznaju i da njihovo po\u0161tovanje shvate kao obavezu koju mora ispuniti. A najva\u017enije pravo je pravo na \u017eivot i uva\u017eavanje ljudskog \u017eivota, po\u0161tovanje njegove slobode, \u010dasti i imovine.<br \/>\nStoga nam je i sada i ovdje potrebno obrazovanje o ljudskim pravima koje podrazumijeva programe i aktivnosti usmjerene na promociju ravnopravnosti u ljudskom dostojanstvu. Jer, to je od neprocjenjivog zna\u010daja u oblikovanju evropske dimenzije gra\u0111anstva, va\u017enog za sve stanovnike \u201estarog kontinenta\u201c.<br \/>\nPrije svega za mlade ljude, one koji su budu\u0107nost svakog dru\u0161tva. Jer, ne u\u010di se, kako su govorili stari Latini, samo za \u0161kolu, ve\u0107 za \u017eivot. A svijest i znanje o ljudskim pravima usmjeravaju mlade u vremenima nesigurnosti i promjena.<br \/>\nNa njima je velika odgovornost i obaveza da u\u010destvuju u rje\u0161avanju najzna\u010dajnih pitanja, kao i da u\u010destvuju u dono\u0161enju odluka kako na lokalnom tako i na dr\u017eavnom nivou, jer su upravo oni budu\u0107i nosioci promjena, a sve u cilju izgradnje solidarnog dru\u0161tva jednakih \u0161ansi u kojem se po\u0161tuju ljudska prava i svi mladi ostvaruju svoj pun potencijal.<br \/>\nMladima se danas nude razli\u010diti neformalni obrazovni programi putem kojih oni mogu u\u010diti o ljudskim pravima i slobodama, pravima manjina, antidiskriminaciji, na\u010delima demokratije, interkulturalnosti, itd. Ovakve programe uglavnom nude organizacije civilnog dru\u0161tva, me\u0111u kojima se isti\u010de i NVO \u201eNovi Horizonti\u201d iz Ulcinja.<\/p>\n<p style=\"text-align: justify;\"><em>Ovaj tekst je nastao u okviru projekta &nbsp;<strong>\u201cMladi anga\u017eovani u za\u0161titi i promociji manjinskih prava i sloboda\u201d<\/strong>, koji podr\u017eava <strong>Ministarstvo ljudskih i manjinskih prava Crne Gore,<\/strong> u sklopu Javnog konkursa \u201eIntegracija sa identitetom manjinskih naroda i drugih manjinskih nacionalnih zajednica u crnogorsko dru\u0161tvo\u201c, u oblasti za\u0161tite i promovisanje prava manjinskih naroda i drugih nacionalnih zajednica u 2023. godini.<\/em><\/p>\n<p style=\"text-align: justify;\"><em>Sadr\u017eaj ovog teksta isklju\u010diva je odgovornost NVO Novi Horizont i ne odra\u017eava nu\u017eno stavove donatora.<\/em><\/p>\n<hr>\n<p><img loading=\"lazy\" decoding=\"async\" class=\"aligncenter size-large wp-image-13255\" src=\"https:\/\/www.ngo-horizonti.org\/wp-content\/uploads\/2024\/01\/FOOTER-CG-1024x171.png\" alt=\"FOOTER CG\" width=\"1024\" height=\"171\" srcset=\"https:\/\/www.ngo-horizonti.org\/wp-content\/uploads\/2024\/01\/FOOTER-CG-1024x171.png 1024w, https:\/\/www.ngo-horizonti.org\/wp-content\/uploads\/2024\/01\/FOOTER-CG-300x50.png 300w, https:\/\/www.ngo-horizonti.org\/wp-content\/uploads\/2024\/01\/FOOTER-CG-768x128.png 768w, https:\/\/www.ngo-horizonti.org\/wp-content\/uploads\/2024\/01\/FOOTER-CG-1536x256.png 1536w, https:\/\/www.ngo-horizonti.org\/wp-content\/uploads\/2024\/01\/FOOTER-CG-2048x342.png 2048w, https:\/\/www.ngo-horizonti.org\/wp-content\/uploads\/2024\/01\/FOOTER-CG-1080x180.png 1080w\" sizes=\"(max-width: 1024px) 100vw, 1024px\" \/><\/p>\n","protected":false},"excerpt":{"rendered":"<p>\u201eObrazovanje mora biti usmjereno ka punom razvoju ljudske li\u010dnosti i ja\u010danju po\u0161tovanja ljudskih prava i osnovnih sloboda. Ono mora promovisati razumijevanje, toleranciju i i prijateljstvo me\u0111u svim nacijama, rasnim ili vjerskim grupama, i pomagati djelatnosti Ujedinjenih nacija na odr\u017eavanju mira\u201d (\u010clan 26 Univerzalne deklaracije o ljudskim pravima). Sve zna\u010dajnije me\u0111unarodne i evropske institucije nakon Drugog [&hellip;]<\/p>\n","protected":false},"author":1,"featured_media":13618,"comment_status":"closed","ping_status":"closed","sticky":false,"template":"","format":"standard","meta":{"_et_pb_use_builder":"","_et_pb_old_content":"","_et_gb_content_width":"","ngg_post_thumbnail":0,"slim_seo":{"title":"Edukacija mladih za ljudska prava: USMJERENJE U VREMENIMA NESIGURNOSTI I PROMJENA - New Horizon NGO","description":"\u201eObrazovanje mora biti usmjereno ka punom razvoju ljudske li\u010dnosti i ja\u010danju po\u0161tovanja ljudskih prava i osnovnih sloboda. Ono mora promovisati razumijevanje, t"},"footnotes":""},"categories":[51],"tags":[],"class_list":["post-13614","post","type-post","status-publish","format-standard","has-post-thumbnail","hentry","category-aktivnosti","et-has-post-format-content","et_post_format-et-post-format-standard"],"_links":{"self":[{"href":"https:\/\/www.ngo-horizonti.org\/mne\/wp-json\/wp\/v2\/posts\/13614","targetHints":{"allow":["GET"]}}],"collection":[{"href":"https:\/\/www.ngo-horizonti.org\/mne\/wp-json\/wp\/v2\/posts"}],"about":[{"href":"https:\/\/www.ngo-horizonti.org\/mne\/wp-json\/wp\/v2\/types\/post"}],"author":[{"embeddable":true,"href":"https:\/\/www.ngo-horizonti.org\/mne\/wp-json\/wp\/v2\/users\/1"}],"replies":[{"embeddable":true,"href":"https:\/\/www.ngo-horizonti.org\/mne\/wp-json\/wp\/v2\/comments?post=13614"}],"version-history":[{"count":2,"href":"https:\/\/www.ngo-horizonti.org\/mne\/wp-json\/wp\/v2\/posts\/13614\/revisions"}],"predecessor-version":[{"id":13622,"href":"https:\/\/www.ngo-horizonti.org\/mne\/wp-json\/wp\/v2\/posts\/13614\/revisions\/13622"}],"wp:featuredmedia":[{"embeddable":true,"href":"https:\/\/www.ngo-horizonti.org\/mne\/wp-json\/wp\/v2\/media\/13618"}],"wp:attachment":[{"href":"https:\/\/www.ngo-horizonti.org\/mne\/wp-json\/wp\/v2\/media?parent=13614"}],"wp:term":[{"taxonomy":"category","embeddable":true,"href":"https:\/\/www.ngo-horizonti.org\/mne\/wp-json\/wp\/v2\/categories?post=13614"},{"taxonomy":"post_tag","embeddable":true,"href":"https:\/\/www.ngo-horizonti.org\/mne\/wp-json\/wp\/v2\/tags?post=13614"}],"curies":[{"name":"wp","href":"https:\/\/api.w.org\/{rel}","templated":true}]}}