{"id":13570,"date":"2024-05-15T10:25:12","date_gmt":"2024-05-15T09:25:12","guid":{"rendered":"https:\/\/www.ngo-horizonti.org\/?p=13570"},"modified":"2024-05-15T10:26:36","modified_gmt":"2024-05-15T09:26:36","slug":"ulcinjski-i-barski-srednjoskolci-posjetili-drzavni-parlament","status":"publish","type":"post","link":"https:\/\/www.ngo-horizonti.org\/mne\/ulcinjski-i-barski-srednjoskolci-posjetili-drzavni-parlament\/","title":{"rendered":"ULCINJSKI I BARSKI SREDNJO\u0160KOLCI POSJETILI DR\u017dAVNI PARLAMENT"},"content":{"rendered":"<p style=\"text-align: justify;\">Grupa omladinskih aktivista okupljenih oko projekta \u201eOsna\u017eivanje mladih u promovisanju dijaloga i tolerancije&#8221; koji&nbsp; NVO \u201eNovi horizont\u201c realizuje uz podr\u0161ku Ambasade SAD u Podgorici, &nbsp;posjetila je Skup\u0161tinu Crne Gore.<br \/>\nTokom obilaska zgrade Skup\u0161tine Crne Gore polaznici projekta imali su priliku da se upoznaju sa istorijatom crnogorskog parlamenta, na\u010dinom njegovog funkcionisanja, medijskog pra\u0107enja sjednica radnih tijela i plenuma, kao i da obi\u0111u skup\u0161tinske sale i da pogledaju likovnu zbirku izlo\u017eenu u Skup\u0161tini Crne Gore nakon \u010dega su upoznati i sa organizacijom rada Slu\u017ebe Skup\u0161tine Crne Gore.<\/p>\n<p style=\"text-align: justify;\"><img loading=\"lazy\" decoding=\"async\" class=\"aligncenter wp-image-13577 size-large\" src=\"https:\/\/www.ngo-horizonti.org\/wp-content\/uploads\/2024\/05\/PARLAMENT-2-scaled-e1715765015327-1024x445.jpg\" alt=\"PARLAMENT 2\" width=\"1024\" height=\"445\" srcset=\"https:\/\/www.ngo-horizonti.org\/wp-content\/uploads\/2024\/05\/PARLAMENT-2-scaled-e1715765015327-1024x445.jpg 1024w, https:\/\/www.ngo-horizonti.org\/wp-content\/uploads\/2024\/05\/PARLAMENT-2-scaled-e1715765015327-300x130.jpg 300w, https:\/\/www.ngo-horizonti.org\/wp-content\/uploads\/2024\/05\/PARLAMENT-2-scaled-e1715765015327-768x334.jpg 768w, https:\/\/www.ngo-horizonti.org\/wp-content\/uploads\/2024\/05\/PARLAMENT-2-scaled-e1715765015327-1536x668.jpg 1536w, https:\/\/www.ngo-horizonti.org\/wp-content\/uploads\/2024\/05\/PARLAMENT-2-scaled-e1715765015327-2048x890.jpg 2048w, https:\/\/www.ngo-horizonti.org\/wp-content\/uploads\/2024\/05\/PARLAMENT-2-scaled-e1715765015327-1080x470.jpg 1080w\" sizes=\"(max-width: 1024px) 100vw, 1024px\" \/><br \/>\nPosebnu pa\u017enju mladima je privukla posjeta Biblioteke Skup\u0161tine koja sadr\u017ei gra\u0111u iz oblasti prava, politi\u010dkih nauka, istorije, ekonomije, zbirku slu\u017ebenih listova Crne Gore od 1945. i zbirku stenografskih bilje\u0161ki sa sjednica Skup\u0161tine Crne Gore od 1946. godine do danas.U posebnoj sesiji, polaznici projekta sastali su se sa poslanikom <strong>Dejanom \u0110urovi\u0107em<\/strong>, sa kojim su u otvorenom razgovoru diskutovali o pitanjima parlamentarizma, obrazovanja, rodne ravnopravnosti, ekologije i turizma s posebnim osvrtom na op\u0161tine Bar i Ulcinj.<\/p>\n<p style=\"text-align: justify;\"><img loading=\"lazy\" decoding=\"async\" class=\"aligncenter wp-image-13574 size-large\" src=\"https:\/\/www.ngo-horizonti.org\/wp-content\/uploads\/2024\/05\/PARLAMENT-3-scaled-e1715765070840-1024x527.jpg\" alt=\"PARLAMENT 3\" width=\"1024\" height=\"527\" srcset=\"https:\/\/www.ngo-horizonti.org\/wp-content\/uploads\/2024\/05\/PARLAMENT-3-scaled-e1715765070840-1024x527.jpg 1024w, https:\/\/www.ngo-horizonti.org\/wp-content\/uploads\/2024\/05\/PARLAMENT-3-scaled-e1715765070840-300x154.jpg 300w, https:\/\/www.ngo-horizonti.org\/wp-content\/uploads\/2024\/05\/PARLAMENT-3-scaled-e1715765070840-768x395.jpg 768w, https:\/\/www.ngo-horizonti.org\/wp-content\/uploads\/2024\/05\/PARLAMENT-3-scaled-e1715765070840-1536x791.jpg 1536w, https:\/\/www.ngo-horizonti.org\/wp-content\/uploads\/2024\/05\/PARLAMENT-3-scaled-e1715765070840-2048x1054.jpg 2048w, https:\/\/www.ngo-horizonti.org\/wp-content\/uploads\/2024\/05\/PARLAMENT-3-scaled-e1715765070840-1080x556.jpg 1080w\" sizes=\"(max-width: 1024px) 100vw, 1024px\" \/><\/p>\n<p style=\"text-align: justify;\">Partnerske \u0161kole na ovom projektu, koji za cilj ima edukaciju mladih o konceptu ljudskih prava, pitanjima razli\u010ditosti i identiteta, demokatrskom gra\u0111anstvu, su Srednja mje\u0161ovita \u0161kola <strong>\u201eBratstvo-jedinstvo\u201c Ulcinj<\/strong> i <strong>Ekonomsko-ugostiteljska \u0161kola Bar<\/strong>.<br \/>\nSastanku su prisustvovali koordinator projekta Nazif Veli\u0107, profesor Ne\u0111eljko \u0110urovi\u0107 i predava\u010d na edukativnom programu Radomir Petri\u0107.<\/p>\n<hr>\n<p><img loading=\"lazy\" decoding=\"async\" class=\"aligncenter wp-image-13082\" src=\"https:\/\/www.ngo-horizonti.org\/wp-content\/uploads\/2023\/10\/amerika-23-1024x243.png\" alt=\"amerika 23\" width=\"885\" height=\"210\" srcset=\"https:\/\/www.ngo-horizonti.org\/wp-content\/uploads\/2023\/10\/amerika-23-1024x243.png 1024w, https:\/\/www.ngo-horizonti.org\/wp-content\/uploads\/2023\/10\/amerika-23-300x71.png 300w, https:\/\/www.ngo-horizonti.org\/wp-content\/uploads\/2023\/10\/amerika-23-768x182.png 768w, https:\/\/www.ngo-horizonti.org\/wp-content\/uploads\/2023\/10\/amerika-23-1080x256.png 1080w, https:\/\/www.ngo-horizonti.org\/wp-content\/uploads\/2023\/10\/amerika-23.png 1436w\" sizes=\"(max-width: 885px) 100vw, 885px\" \/><\/p>\n","protected":false},"excerpt":{"rendered":"<p>Grupa omladinskih aktivista okupljenih oko projekta \u201eOsna\u017eivanje mladih u promovisanju dijaloga i tolerancije&#8221; koji&nbsp; NVO \u201eNovi horizont\u201c realizuje uz podr\u0161ku Ambasade SAD u Podgorici, &nbsp;posjetila je Skup\u0161tinu Crne Gore. Tokom obilaska zgrade Skup\u0161tine Crne Gore polaznici projekta imali su priliku da se upoznaju sa istorijatom crnogorskog parlamenta, na\u010dinom njegovog funkcionisanja, medijskog pra\u0107enja sjednica radnih tijela [&hellip;]<\/p>\n","protected":false},"author":1,"featured_media":13571,"comment_status":"open","ping_status":"open","sticky":false,"template":"","format":"standard","meta":{"_et_pb_use_builder":"","_et_pb_old_content":"","_et_gb_content_width":"","ngg_post_thumbnail":0,"slim_seo":{"title":"ULCINJSKI I BARSKI SREDNJO\u0160KOLCI POSJETILI DR\u017dAVNI PARLAMENT - New Horizon NGO","description":"Grupa omladinskih aktivista okupljenih oko projekta \u201eOsna\u017eivanje mladih u promovisanju dijaloga i tolerancije\" koji&nbsp; NVO \u201eNovi horizont\u201c realizuje uz podr\u0161"},"footnotes":""},"categories":[51],"tags":[],"class_list":["post-13570","post","type-post","status-publish","format-standard","has-post-thumbnail","hentry","category-aktivnosti","et-has-post-format-content","et_post_format-et-post-format-standard"],"_links":{"self":[{"href":"https:\/\/www.ngo-horizonti.org\/mne\/wp-json\/wp\/v2\/posts\/13570","targetHints":{"allow":["GET"]}}],"collection":[{"href":"https:\/\/www.ngo-horizonti.org\/mne\/wp-json\/wp\/v2\/posts"}],"about":[{"href":"https:\/\/www.ngo-horizonti.org\/mne\/wp-json\/wp\/v2\/types\/post"}],"author":[{"embeddable":true,"href":"https:\/\/www.ngo-horizonti.org\/mne\/wp-json\/wp\/v2\/users\/1"}],"replies":[{"embeddable":true,"href":"https:\/\/www.ngo-horizonti.org\/mne\/wp-json\/wp\/v2\/comments?post=13570"}],"version-history":[{"count":3,"href":"https:\/\/www.ngo-horizonti.org\/mne\/wp-json\/wp\/v2\/posts\/13570\/revisions"}],"predecessor-version":[{"id":13582,"href":"https:\/\/www.ngo-horizonti.org\/mne\/wp-json\/wp\/v2\/posts\/13570\/revisions\/13582"}],"wp:featuredmedia":[{"embeddable":true,"href":"https:\/\/www.ngo-horizonti.org\/mne\/wp-json\/wp\/v2\/media\/13571"}],"wp:attachment":[{"href":"https:\/\/www.ngo-horizonti.org\/mne\/wp-json\/wp\/v2\/media?parent=13570"}],"wp:term":[{"taxonomy":"category","embeddable":true,"href":"https:\/\/www.ngo-horizonti.org\/mne\/wp-json\/wp\/v2\/categories?post=13570"},{"taxonomy":"post_tag","embeddable":true,"href":"https:\/\/www.ngo-horizonti.org\/mne\/wp-json\/wp\/v2\/tags?post=13570"}],"curies":[{"name":"wp","href":"https:\/\/api.w.org\/{rel}","templated":true}]}}