{"id":13286,"date":"2024-02-09T10:50:41","date_gmt":"2024-02-09T09:50:41","guid":{"rendered":"https:\/\/www.ngo-horizonti.org\/?p=13286"},"modified":"2024-02-09T10:50:41","modified_gmt":"2024-02-09T09:50:41","slug":"horizonti-i-ri-organizoi-sesionin-trajnues-komunikimi-nderkulturor","status":"publish","type":"post","link":"https:\/\/www.ngo-horizonti.org\/mne\/horizonti-i-ri-organizoi-sesionin-trajnues-komunikimi-nderkulturor\/","title":{"rendered":"HORIZONTI I RI ORGANIZOI SESIONIN TRAJNUES \u201cKOMUNIKIMI ND\u00cbRKULTUROR\u201d"},"content":{"rendered":"<p style=\"text-align: justify;\">N\u00eb kuad\u00ebr t\u00eb projektit \u201c<em>Fuqizimi i t\u00eb rinjve n\u00eb promovimin e dialogut dhe toleranc\u00ebs<\/em>\u201d, OJQ Horizonti i Ri i ka mbajtur &nbsp;modulin e kat\u00ebrt me radh\u00eb me t\u00eb rinjt\u00eb nga Ulqini dhe Tivari me tem\u00ebn &#8220;Dialogu nd\u00ebrkulturor&#8221;. N\u00eb k\u00ebt\u00eb sesion, mbi tridhjet\u00eb t\u00eb rinj t\u00eb p\u00ebrkat\u00ebsive t\u00eb ndryshme komb\u00ebtare e fetare, gjuh\u00ebsore e kulturore, &nbsp;m\u00ebsuan dhe diskutuan p\u00ebr konceptin e nd\u00ebrkulturalizmit nga aspekte t\u00eb ndryshme si: a \u00ebsht\u00eb toleranca nd\u00ebrkulturaliz\u00ebm, \u00e7far\u00eb do t\u00eb thot\u00eb t\u00eb jesh nd\u00ebrkulturor, \u00e7far\u00eb \u00ebsht\u00eb m\u00ebsimi nd\u00ebrkulturor dhe pse \u00ebsht\u00eb i r\u00ebnd\u00ebsishme koncepti i diversitetit p\u00ebr proceset demokratike n\u00eb shoq\u00ebri.<\/p>\n<p style=\"text-align: justify;\">Pjes\u00ebmarr\u00ebsit e aktivitetit pat\u00ebn mund\u00ebsi t\u00eb njiheshin edhe me shembuj praktik\u00eb t\u00eb nd\u00ebrkulturalizmit n\u00eb Shtetet e Bashkuara t\u00eb Amerik\u00ebs, me vlerat kulturore t\u00eb shoq\u00ebris\u00eb amerikane dhe ndikimin e emigracionit n\u00eb kultur\u00ebn amerikane.<br \/>\nN\u00eb vler\u00ebsimin e aspekteve t\u00eb jetes\u00ebs kulturore t\u00eb t\u00eb rinjve n\u00eb SHBA sot, si komponent\u00eb ky\u00e7e u theksua shum\u00ebllojshm\u00ebria kulturore dhe aktivizmi rinor, i cili \u00ebsht\u00eb thell\u00ebsisht i rr\u00ebnjosur n\u00eb tradit\u00ebn amerikane t\u00eb vullnetarizmit.<\/p>\n<p><img loading=\"lazy\" decoding=\"async\" class=\"aligncenter wp-image-13275\" src=\"https:\/\/www.ngo-horizonti.org\/wp-content\/uploads\/2024\/02\/WORKSHOP-4-06.jpg\" alt=\"WORKSHOP 4 - 06+\" width=\"848\" height=\"566\" srcset=\"https:\/\/www.ngo-horizonti.org\/wp-content\/uploads\/2024\/02\/WORKSHOP-4-06.jpg 1024w, https:\/\/www.ngo-horizonti.org\/wp-content\/uploads\/2024\/02\/WORKSHOP-4-06-300x200.jpg 300w, https:\/\/www.ngo-horizonti.org\/wp-content\/uploads\/2024\/02\/WORKSHOP-4-06-768x512.jpg 768w\" sizes=\"(max-width: 848px) 100vw, 848px\" \/><\/p>\n<p style=\"text-align: justify;\">P\u00ebr nj\u00eb nd\u00ebrveprim t\u00eb suksessh\u00ebm t\u00eb grupit, motivim dhe komunikim dygjuh\u00ebsor, u p\u00ebrkujdes\u00ebn gazetari nga Tivari <strong>Radomir Petriq<\/strong> dhe moderatorja e programit <strong>Sabra Deceviq<\/strong> nga Tuzi. Mysafir\u00eb t\u00eb ve\u00e7ant\u00eb t\u00eb k\u00ebtij aktiviteti ishin <strong>Suzanne Schaefer<\/strong>, zv\/shefe e Departamentit p\u00ebr Media, Kultur\u00eb dhe Arsim t\u00eb Ambasad\u00ebs s\u00eb Shteteve t\u00eb Bashkuara t\u00eb Amerik\u00ebs n\u00eb Podgoric\u00eb si dhe bashk\u00ebpun\u00ebtorja e saj <strong>Silvija Marnikoviq<\/strong>.<\/p>\n<p style=\"text-align: justify;\">Ky projekt ka p\u00ebr qellim krijimin e nj\u00eb komunikim efektiv midis t\u00eb rinjve nga Ulqini dhe Tivari, thyerjen e paragjykimeve dhe barrierave n\u00eb komunikim si dhe rritjen e njohurive dhe shkatht\u00ebsive t\u00eb tyre p\u00ebr pjes\u00ebmarrje n\u00eb proceset integruese shoq\u00ebrore.<\/p>\n<p style=\"text-align: justify;\">K\u00ebt\u00eb projekt Horizonti i Ri e realizon me mb\u00ebshtetjen e <strong>Ambasad\u00ebs s\u00eb SHBA n\u00eb Podgoric\u00eb<\/strong>.<\/p>\n<p><img loading=\"lazy\" decoding=\"async\" class=\"aligncenter wp-image-13081\" src=\"https:\/\/www.ngo-horizonti.org\/wp-content\/uploads\/2023\/10\/amerika-23-1024x243.png\" alt=\"amerika 23\" width=\"898\" height=\"213\" srcset=\"https:\/\/www.ngo-horizonti.org\/wp-content\/uploads\/2023\/10\/amerika-23-1024x243.png 1024w, https:\/\/www.ngo-horizonti.org\/wp-content\/uploads\/2023\/10\/amerika-23-300x71.png 300w, https:\/\/www.ngo-horizonti.org\/wp-content\/uploads\/2023\/10\/amerika-23-768x182.png 768w, https:\/\/www.ngo-horizonti.org\/wp-content\/uploads\/2023\/10\/amerika-23-1080x256.png 1080w, https:\/\/www.ngo-horizonti.org\/wp-content\/uploads\/2023\/10\/amerika-23.png 1436w\" sizes=\"(max-width: 898px) 100vw, 898px\" \/><\/p>\n<hr>\n<p>&nbsp;<\/p>\n","protected":false},"excerpt":{"rendered":"<p>N\u00eb kuad\u00ebr t\u00eb projektit \u201cFuqizimi i t\u00eb rinjve n\u00eb promovimin e dialogut dhe toleranc\u00ebs\u201d, OJQ Horizonti i Ri i ka mbajtur &nbsp;modulin e kat\u00ebrt me radh\u00eb me t\u00eb rinjt\u00eb nga Ulqini dhe Tivari me tem\u00ebn &#8220;Dialogu nd\u00ebrkulturor&#8221;. N\u00eb k\u00ebt\u00eb sesion, mbi tridhjet\u00eb t\u00eb rinj t\u00eb p\u00ebrkat\u00ebsive t\u00eb ndryshme komb\u00ebtare e fetare, gjuh\u00ebsore e kulturore, &nbsp;m\u00ebsuan [&hellip;]<\/p>\n","protected":false},"author":1,"featured_media":13278,"comment_status":"open","ping_status":"open","sticky":false,"template":"","format":"standard","meta":{"_et_pb_use_builder":"","_et_pb_old_content":"","_et_gb_content_width":"","ngg_post_thumbnail":0,"slim_seo":{"title":"HORIZONTI I RI ORGANIZOI SESIONIN TRAJNUES \u201cKOMUNIKIMI ND\u00cbRKULTUROR\u201d - New Horizon NGO","description":"N\u00eb kuad\u00ebr t\u00eb projektit \u201c Fuqizimi i t\u00eb rinjve n\u00eb promovimin e dialogut dhe toleranc\u00ebs \u201d, OJQ Horizonti i Ri i ka mbajtur &nbsp;modulin e kat\u00ebrt me radh\u00eb me t\u00eb r"},"footnotes":""},"categories":[],"tags":[],"class_list":["post-13286","post","type-post","status-publish","format-standard","has-post-thumbnail","hentry","et-has-post-format-content","et_post_format-et-post-format-standard"],"_links":{"self":[{"href":"https:\/\/www.ngo-horizonti.org\/mne\/wp-json\/wp\/v2\/posts\/13286","targetHints":{"allow":["GET"]}}],"collection":[{"href":"https:\/\/www.ngo-horizonti.org\/mne\/wp-json\/wp\/v2\/posts"}],"about":[{"href":"https:\/\/www.ngo-horizonti.org\/mne\/wp-json\/wp\/v2\/types\/post"}],"author":[{"embeddable":true,"href":"https:\/\/www.ngo-horizonti.org\/mne\/wp-json\/wp\/v2\/users\/1"}],"replies":[{"embeddable":true,"href":"https:\/\/www.ngo-horizonti.org\/mne\/wp-json\/wp\/v2\/comments?post=13286"}],"version-history":[{"count":1,"href":"https:\/\/www.ngo-horizonti.org\/mne\/wp-json\/wp\/v2\/posts\/13286\/revisions"}],"predecessor-version":[{"id":13287,"href":"https:\/\/www.ngo-horizonti.org\/mne\/wp-json\/wp\/v2\/posts\/13286\/revisions\/13287"}],"wp:featuredmedia":[{"embeddable":true,"href":"https:\/\/www.ngo-horizonti.org\/mne\/wp-json\/wp\/v2\/media\/13278"}],"wp:attachment":[{"href":"https:\/\/www.ngo-horizonti.org\/mne\/wp-json\/wp\/v2\/media?parent=13286"}],"wp:term":[{"taxonomy":"category","embeddable":true,"href":"https:\/\/www.ngo-horizonti.org\/mne\/wp-json\/wp\/v2\/categories?post=13286"},{"taxonomy":"post_tag","embeddable":true,"href":"https:\/\/www.ngo-horizonti.org\/mne\/wp-json\/wp\/v2\/tags?post=13286"}],"curies":[{"name":"wp","href":"https:\/\/api.w.org\/{rel}","templated":true}]}}