{"id":13284,"date":"2024-02-09T10:26:41","date_gmt":"2024-02-09T09:26:41","guid":{"rendered":"https:\/\/www.ngo-horizonti.org\/?p=13284"},"modified":"2024-02-09T10:30:46","modified_gmt":"2024-02-09T09:30:46","slug":"komunikacija-medu-pripadnicima-razlicitih-kultura","status":"publish","type":"post","link":"https:\/\/www.ngo-horizonti.org\/mne\/komunikacija-medu-pripadnicima-razlicitih-kultura\/","title":{"rendered":"KOMUNIKACIJA ME\u0110U PRIPADNICIMA RAZLI\u010cITIH KULTURA"},"content":{"rendered":"<p style=\"text-align: justify;\">U sklopu projekta \u201e<strong><em>Osna\u017eivanje mladih u promovisanju dijaloga i tolerancije<\/em><\/strong>\u201c, ulcinjska NVO Novi Horizont je odr\u017eala \u010detvrtu po redu radionicu na temu \u201e<em>Interkulturalni dijalog<\/em>\u201d.<\/p>\n<p style=\"text-align: justify;\">Na ovom trening modulu za tridesetak mladih iz Ulcinja i Bara, koncept interkulturalnosti je obra\u0111en iz razli\u010ditih aspekata kao \u0161to su: kultura i interkulturalnost, da li je tolerancija interkulturalnost, \u0161ta zna\u010di biti interkulturalan, \u0161ta je interkulturalno u\u010denje kao i za\u0161to je pojam raznolikosti va\u017ean za integracione dru\u0161tvene procese.<\/p>\n<p style=\"text-align: justify;\">U\u010desnici radionice su imali priliku da se upoznaju i sa prakti\u010dnim primjerima interkulturalnosti u Sjedinjenim Ameri\u010dkim Dr\u017eavama, kulturnim vrijednostima ameri\u010dkog dru\u0161tva, te uticaju imigracije na ameri\u010dku kulturu.<br \/>\nU dinami\u010dnoj razmjeni stavova, srednjo\u0161kolci razmatrali su i diskutovali&nbsp; razlike izme\u0111u&nbsp; multkulturalnosti i interkulturalnosti, ciljeve interkulturalnog dijaloga, granice&nbsp; \u201ena\u0161e\u201c i \u201etu\u0111e\u201c kulture,&nbsp; razloge zbog kojih Njujork zovu svjetskom prijestonicom interkulturalnosti, itd.<br \/>\nU osvrtu na aspekte kulturnog \u017eivota mladih u SAD danas, kao klju\u010dne komponente istaknuti su ukorijenjenost u globalnu kulturu, kulturna raznolikost i omladinski aktivizam, koji je duboko ukorijenjen u ameri\u010dku tradiciju volonterizma.<\/p>\n<p><img loading=\"lazy\" decoding=\"async\" class=\"aligncenter wp-image-13276\" src=\"https:\/\/www.ngo-horizonti.org\/wp-content\/uploads\/2024\/02\/WORKSHOP-4-06.jpg\" alt=\"WORKSHOP 4 - 06+\" width=\"763\" height=\"509\" srcset=\"https:\/\/www.ngo-horizonti.org\/wp-content\/uploads\/2024\/02\/WORKSHOP-4-06.jpg 1024w, https:\/\/www.ngo-horizonti.org\/wp-content\/uploads\/2024\/02\/WORKSHOP-4-06-300x200.jpg 300w, https:\/\/www.ngo-horizonti.org\/wp-content\/uploads\/2024\/02\/WORKSHOP-4-06-768x512.jpg 768w\" sizes=\"(max-width: 763px) 100vw, 763px\" \/><\/p>\n<p style=\"text-align: justify;\">Za uspje\u0161nu interakciju grupe, motivaciju i kvalitetnu dvojezi\u010dnu komunikaciju, pobrinuli su se predava\u010d, novinar iz Bara <strong><em>Radomir Petri\u0107<\/em><\/strong>, i facilitatorka programa <strong><em>Sabra Decevi\u0107<\/em> <\/strong>iz Tuzi.Radionici su prisustvovale <strong><em>Suzanne Schaefer<\/em><\/strong>, zamjenica \u0161efa odjeljenja za medije, kulturu&nbsp; i obrazovanje Ambasade Sjedinjenih Ameri\u010dkih Dr\u017eava u Podgorici i njena saradnica <strong><em>Silvija Marnikovi\u0107<\/em><\/strong>.<\/p>\n<p style=\"text-align: justify;\">Glavni cilj ovog projekta je da podstakne efektivnu saradnju mladih iz Ulcinja i Bara, razbije predrasude i barijere u komunikaciji, kao i da pove\u0107a njihova znanja i vje\u0161tine za aktivno u\u010de\u0161\u0107e u lokalnim inicijativama i omladinskim politikama u svojim zajednicama.<\/p>\n<p style=\"text-align: justify;\">Projekat se realizuje uz podr\u0161ku <strong>Ameri\u010dke ambasade u Podgorici<\/strong>.<\/p>\n<p><img loading=\"lazy\" decoding=\"async\" class=\"aligncenter wp-image-13082\" src=\"https:\/\/www.ngo-horizonti.org\/wp-content\/uploads\/2023\/10\/amerika-23-1024x243.png\" alt=\"amerika 23\" width=\"877\" height=\"208\" srcset=\"https:\/\/www.ngo-horizonti.org\/wp-content\/uploads\/2023\/10\/amerika-23-1024x243.png 1024w, https:\/\/www.ngo-horizonti.org\/wp-content\/uploads\/2023\/10\/amerika-23-300x71.png 300w, https:\/\/www.ngo-horizonti.org\/wp-content\/uploads\/2023\/10\/amerika-23-768x182.png 768w, https:\/\/www.ngo-horizonti.org\/wp-content\/uploads\/2023\/10\/amerika-23-1080x256.png 1080w, https:\/\/www.ngo-horizonti.org\/wp-content\/uploads\/2023\/10\/amerika-23.png 1436w\" sizes=\"(max-width: 877px) 100vw, 877px\" \/><\/p>\n<hr>\n<p>&nbsp;<\/p>\n","protected":false},"excerpt":{"rendered":"<p>U sklopu projekta \u201eOsna\u017eivanje mladih u promovisanju dijaloga i tolerancije\u201c, ulcinjska NVO Novi Horizont je odr\u017eala \u010detvrtu po redu radionicu na temu \u201eInterkulturalni dijalog\u201d. Na ovom trening modulu za tridesetak mladih iz Ulcinja i Bara, koncept interkulturalnosti je obra\u0111en iz razli\u010ditih aspekata kao \u0161to su: kultura i interkulturalnost, da li je tolerancija interkulturalnost, \u0161ta zna\u010di [&hellip;]<\/p>\n","protected":false},"author":1,"featured_media":13279,"comment_status":"open","ping_status":"open","sticky":false,"template":"","format":"standard","meta":{"_et_pb_use_builder":"","_et_pb_old_content":"","_et_gb_content_width":"","ngg_post_thumbnail":0,"slim_seo":{"title":"KOMUNIKACIJA ME\u0110U PRIPADNICIMA RAZLI\u010cITIH KULTURA - New Horizon NGO","description":"U sklopu projekta \u201e Osna\u017eivanje mladih u promovisanju dijaloga i tolerancije \u201c, ulcinjska NVO Novi Horizont je odr\u017eala \u010detvrtu po redu radionicu na temu \u201e Inter"},"footnotes":""},"categories":[51],"tags":[],"class_list":["post-13284","post","type-post","status-publish","format-standard","has-post-thumbnail","hentry","category-aktivnosti","et-has-post-format-content","et_post_format-et-post-format-standard"],"_links":{"self":[{"href":"https:\/\/www.ngo-horizonti.org\/mne\/wp-json\/wp\/v2\/posts\/13284","targetHints":{"allow":["GET"]}}],"collection":[{"href":"https:\/\/www.ngo-horizonti.org\/mne\/wp-json\/wp\/v2\/posts"}],"about":[{"href":"https:\/\/www.ngo-horizonti.org\/mne\/wp-json\/wp\/v2\/types\/post"}],"author":[{"embeddable":true,"href":"https:\/\/www.ngo-horizonti.org\/mne\/wp-json\/wp\/v2\/users\/1"}],"replies":[{"embeddable":true,"href":"https:\/\/www.ngo-horizonti.org\/mne\/wp-json\/wp\/v2\/comments?post=13284"}],"version-history":[{"count":1,"href":"https:\/\/www.ngo-horizonti.org\/mne\/wp-json\/wp\/v2\/posts\/13284\/revisions"}],"predecessor-version":[{"id":13285,"href":"https:\/\/www.ngo-horizonti.org\/mne\/wp-json\/wp\/v2\/posts\/13284\/revisions\/13285"}],"wp:featuredmedia":[{"embeddable":true,"href":"https:\/\/www.ngo-horizonti.org\/mne\/wp-json\/wp\/v2\/media\/13279"}],"wp:attachment":[{"href":"https:\/\/www.ngo-horizonti.org\/mne\/wp-json\/wp\/v2\/media?parent=13284"}],"wp:term":[{"taxonomy":"category","embeddable":true,"href":"https:\/\/www.ngo-horizonti.org\/mne\/wp-json\/wp\/v2\/categories?post=13284"},{"taxonomy":"post_tag","embeddable":true,"href":"https:\/\/www.ngo-horizonti.org\/mne\/wp-json\/wp\/v2\/tags?post=13284"}],"curies":[{"name":"wp","href":"https:\/\/api.w.org\/{rel}","templated":true}]}}