{"id":13248,"date":"2024-01-18T13:10:02","date_gmt":"2024-01-18T12:10:02","guid":{"rendered":"https:\/\/www.ngo-horizonti.org\/?p=13248"},"modified":"2024-01-19T11:10:59","modified_gmt":"2024-01-19T10:10:59","slug":"nvo-novi-horizont-projekat-o-osnazivanju-mladih-u-promovisanju-identitetskih-vrijednosti","status":"publish","type":"post","link":"https:\/\/www.ngo-horizonti.org\/mne\/nvo-novi-horizont-projekat-o-osnazivanju-mladih-u-promovisanju-identitetskih-vrijednosti\/","title":{"rendered":"PROJEKAT O OSNA\u017dIVANJU MLADIH U PROMOVISANJU IDENTITETSKIH VRIJEDNOSTI"},"content":{"rendered":"<p style=\"text-align: justify;\">Organizacija civilnog dru\u0161tva &#8220;Novi Horizont&#8221; iz Ulcinja zapo\u010dinje realizaciju projekta &#8220;Mladi anga\u017eovani u za\u0161titi i promociji manjinskih prava i sloboda&#8221;, koji podr\u017eava <strong>Ministarstvo ljudskih i manjinskih prava<\/strong> <strong>Crne Gore<\/strong>.<br \/>\nCilj projekta je ja\u010danje kompetencija mladih aktivista iz Ulcinja, Tuzi, Plava i Gusinja o o\u010duvanju njihovih identitetskih vrijednosti, kao i formiranje grupe mladih edukatora koji \u0107e se anga\u017eovati u za\u0161titi i promociji ljudskih prava, kako na lokalnom, tako i na dr\u017eavnom nivou.<\/p>\n<p style=\"text-align: justify;\">Projekat \u0107e obuhvatiti razli\u010dite aktivnosti, poput treninga, seminara, studijskih posjeta, motivacionih doga\u0111aja, itd. Klju\u010dna aktivnost ovog projekta \u0107e biti program neformalnog obrazovanja za mlade, koji \u0107e se realizovati u formatu edukativnog kampa o ljudskim i manjinskim pravima.<br \/>\nEdukativna medijska kampanja i neformalni susreti, \u0107e omogu\u0107iti mladima na lokalnom nivou i \u0161ire da steknu znanja i vje\u0161tine neophodne za aktivno uklju\u010divanje u demokratskim i integracionim procesima.<br \/>\nNa kraju projekta, u\u010desnici \u0107e dobiti odgovaraju\u0107e sertifikate za znanja koja su stekli kroz ovaj program.<\/p>\n<p style=\"text-align: justify;\"><em>Ovaj projekt se realizuje u okviru Javnog konkursa <strong>\u201eIntegracija sa identitetom manjinskih naroda i drugih manjinskih nacionalnih zajednica u crnogorsko dru\u0161tvo\u201c<\/strong>, u oblasti za\u0161tite i promovisanje prava manjinskih naroda i drugih nacionalnih zajednica<\/em> u 2023. godini.<\/p>\n<p>&nbsp;<\/p>\n<p style=\"text-align: justify;\"><img loading=\"lazy\" decoding=\"async\" class=\"aligncenter size-large wp-image-13255\" src=\"https:\/\/www.ngo-horizonti.org\/wp-content\/uploads\/2024\/01\/FOOTER-CG-1024x171.png\" alt=\"FOOTER CG\" width=\"1024\" height=\"171\" srcset=\"https:\/\/www.ngo-horizonti.org\/wp-content\/uploads\/2024\/01\/FOOTER-CG-1024x171.png 1024w, https:\/\/www.ngo-horizonti.org\/wp-content\/uploads\/2024\/01\/FOOTER-CG-300x50.png 300w, https:\/\/www.ngo-horizonti.org\/wp-content\/uploads\/2024\/01\/FOOTER-CG-768x128.png 768w, https:\/\/www.ngo-horizonti.org\/wp-content\/uploads\/2024\/01\/FOOTER-CG-1536x256.png 1536w, https:\/\/www.ngo-horizonti.org\/wp-content\/uploads\/2024\/01\/FOOTER-CG-2048x342.png 2048w, https:\/\/www.ngo-horizonti.org\/wp-content\/uploads\/2024\/01\/FOOTER-CG-1080x180.png 1080w\" sizes=\"(max-width: 1024px) 100vw, 1024px\" \/><\/p>\n<hr>\n<p>&nbsp;<\/p>\n","protected":false},"excerpt":{"rendered":"<p>Organizacija civilnog dru\u0161tva &#8220;Novi Horizont&#8221; iz Ulcinja zapo\u010dinje realizaciju projekta &#8220;Mladi anga\u017eovani u za\u0161titi i promociji manjinskih prava i sloboda&#8221;, koji podr\u017eava Ministarstvo ljudskih i manjinskih prava Crne Gore. Cilj projekta je ja\u010danje kompetencija mladih aktivista iz Ulcinja, Tuzi, Plava i Gusinja o o\u010duvanju njihovih identitetskih vrijednosti, kao i formiranje grupe mladih edukatora koji \u0107e [&hellip;]<\/p>\n","protected":false},"author":1,"featured_media":13259,"comment_status":"open","ping_status":"open","sticky":false,"template":"","format":"standard","meta":{"_et_pb_use_builder":"","_et_pb_old_content":"","_et_gb_content_width":"","ngg_post_thumbnail":0,"slim_seo":{"title":"PROJEKAT O OSNA\u017dIVANJU MLADIH U PROMOVISANJU IDENTITETSKIH VRIJEDNOSTI - New Horizon NGO","description":"Organizacija civilnog dru\u0161tva \"Novi Horizont\" iz Ulcinja zapo\u010dinje realizaciju projekta \"Mladi anga\u017eovani u za\u0161titi i promociji manjinskih prava i sloboda\", koj"},"footnotes":""},"categories":[52],"tags":[],"class_list":["post-13248","post","type-post","status-publish","format-standard","has-post-thumbnail","hentry","category-projekti","et-has-post-format-content","et_post_format-et-post-format-standard"],"_links":{"self":[{"href":"https:\/\/www.ngo-horizonti.org\/mne\/wp-json\/wp\/v2\/posts\/13248","targetHints":{"allow":["GET"]}}],"collection":[{"href":"https:\/\/www.ngo-horizonti.org\/mne\/wp-json\/wp\/v2\/posts"}],"about":[{"href":"https:\/\/www.ngo-horizonti.org\/mne\/wp-json\/wp\/v2\/types\/post"}],"author":[{"embeddable":true,"href":"https:\/\/www.ngo-horizonti.org\/mne\/wp-json\/wp\/v2\/users\/1"}],"replies":[{"embeddable":true,"href":"https:\/\/www.ngo-horizonti.org\/mne\/wp-json\/wp\/v2\/comments?post=13248"}],"version-history":[{"count":5,"href":"https:\/\/www.ngo-horizonti.org\/mne\/wp-json\/wp\/v2\/posts\/13248\/revisions"}],"predecessor-version":[{"id":13265,"href":"https:\/\/www.ngo-horizonti.org\/mne\/wp-json\/wp\/v2\/posts\/13248\/revisions\/13265"}],"wp:featuredmedia":[{"embeddable":true,"href":"https:\/\/www.ngo-horizonti.org\/mne\/wp-json\/wp\/v2\/media\/13259"}],"wp:attachment":[{"href":"https:\/\/www.ngo-horizonti.org\/mne\/wp-json\/wp\/v2\/media?parent=13248"}],"wp:term":[{"taxonomy":"category","embeddable":true,"href":"https:\/\/www.ngo-horizonti.org\/mne\/wp-json\/wp\/v2\/categories?post=13248"},{"taxonomy":"post_tag","embeddable":true,"href":"https:\/\/www.ngo-horizonti.org\/mne\/wp-json\/wp\/v2\/tags?post=13248"}],"curies":[{"name":"wp","href":"https:\/\/api.w.org\/{rel}","templated":true}]}}