{"id":13205,"date":"2023-11-23T10:21:40","date_gmt":"2023-11-23T09:21:40","guid":{"rendered":"https:\/\/www.ngo-horizonti.org\/?p=13205"},"modified":"2023-11-23T13:31:03","modified_gmt":"2023-11-23T12:31:03","slug":"ucenje-o-demokratiji-mladi-iz-bara-i-ulcinja-pohadali-edukativnu-radionicu","status":"publish","type":"post","link":"https:\/\/www.ngo-horizonti.org\/mne\/ucenje-o-demokratiji-mladi-iz-bara-i-ulcinja-pohadali-edukativnu-radionicu\/","title":{"rendered":"U\u010cENJE DEMOKRATIJE: MLADI IZ BARA I ULCINJA POHA\u0110ALI EDUKATIVNU RADIONICU"},"content":{"rendered":"<p style=\"text-align: justify;\">U subotu, 11. novembra realizovali smo prvi trening modul u okviru projekta \u201eOsna\u017eivanje mladih u promovisanju dijaloga i tolerancije\u201c &nbsp;na kojem u\u010destvuju tridesetak srednjo\u0161kolaca iz Bara i Ulcinja.<br \/>\nOvaj program neformalnog obrazovanja zapo\u010det je temom demokratije. <em>\u0160ta je danas demokratija, \u0161ta podrazumijeva i odakle poti\u010de; koji su najva\u017eniji njeni principi, a bez kojih dru\u0161tvo ne mo\u017ee da funkcioni\u0161e; da li je demokratija mogu\u0107a, kakav oblik demokratije je optimalan?<\/em> Ovo su samo neka od pitanja o kojima se raspravljalo tokom ove edukativne sesije.<br \/>\nPolaznici programa su tako\u0111e imali priliku da se informi\u0161u i prodiskutuju i o pozitivnim primjerima praktikovanja demokratije u Sjedinjenim Ameri\u010dkim Dr\u017eavama.<br \/>\nUtisak samih u\u010desnika a i na\u0161e organizacije je vi\u0161e nego odli\u010dan. Smatramo da ova tema treba \u0161to vi\u0161e da se predstavi mladima u na\u0161im zajednicama i da o njoj treba obezbjediti kontinuirane edukativne programe. Bilo je veoma prijatno \u010duti razne stavove i mi\u0161ljenja, kao i zanimljive komentare mladih Ulcinjana i Barana.<\/p>\nngg_shortcode_0_placeholder\n<p style=\"text-align: justify;\">Za uspje\u0161nu interakciju grupe, motivaciju i kvalitetnu dvojezi\u010dnu komunikaciju, pobrinuli su se prof. <strong>Nedjeljko Djurovi\u0107<\/strong> u ulozi predava\u010da i facilitatorka programa <strong>Sabra Decevi\u0107.<\/strong><\/p>\n<p style=\"text-align: justify;\">Glavni cilj ovog projekta je podsticati efektivnu saradnju izme\u0111u mladih iz Ulcinja i Bara, razbiti predrasude i barijera u komunikaciji, kao i pove\u0107ati njihova znanja i vje\u0161tine za aktivno u\u010de\u0161\u0107e u lokalnim inicijativama, omladinskim politikama i dru\u0161tvenim procesima.<br \/>\n<strong>Projekat se realizuje uz podr\u0161ku Ameri\u010dke ambasade u Podgorici.<\/strong><\/p>\n<p><img loading=\"lazy\" decoding=\"async\" class=\"aligncenter wp-image-13082\" src=\"https:\/\/www.ngo-horizonti.org\/wp-content\/uploads\/2023\/10\/amerika-23-1024x243.png\" alt=\"amerika 23\" width=\"710\" height=\"168\" srcset=\"https:\/\/www.ngo-horizonti.org\/wp-content\/uploads\/2023\/10\/amerika-23-1024x243.png 1024w, https:\/\/www.ngo-horizonti.org\/wp-content\/uploads\/2023\/10\/amerika-23-300x71.png 300w, https:\/\/www.ngo-horizonti.org\/wp-content\/uploads\/2023\/10\/amerika-23-768x182.png 768w, https:\/\/www.ngo-horizonti.org\/wp-content\/uploads\/2023\/10\/amerika-23-1080x256.png 1080w, https:\/\/www.ngo-horizonti.org\/wp-content\/uploads\/2023\/10\/amerika-23.png 1436w\" sizes=\"(max-width: 710px) 100vw, 710px\" \/><\/p>\n<hr>\n<p>&nbsp;<\/p>\n","protected":false},"excerpt":{"rendered":"<p>U subotu, 11. novembra realizovali smo prvi trening modul u okviru projekta \u201eOsna\u017eivanje mladih u promovisanju dijaloga i tolerancije\u201c &nbsp;na kojem u\u010destvuju tridesetak srednjo\u0161kolaca iz Bara i Ulcinja. Ovaj program neformalnog obrazovanja zapo\u010det je temom demokratije. \u0160ta je danas demokratija, \u0161ta podrazumijeva i odakle poti\u010de; koji su najva\u017eniji njeni principi, a bez kojih dru\u0161tvo ne [&hellip;]<\/p>\n","protected":false},"author":1,"featured_media":13199,"comment_status":"open","ping_status":"open","sticky":false,"template":"","format":"standard","meta":{"_et_pb_use_builder":"","_et_pb_old_content":"","_et_gb_content_width":"","ngg_post_thumbnail":0,"slim_seo":{"title":"U\u010cENJE DEMOKRATIJE: MLADI IZ BARA I ULCINJA POHA\u0110ALI EDUKATIVNU RADIONICU - New Horizon NGO","description":"U subotu, 11. novembra realizovali smo prvi trening modul u okviru projekta \u201eOsna\u017eivanje mladih u promovisanju dijaloga i tolerancije\u201c &nbsp;na kojem u\u010destvuju"},"footnotes":""},"categories":[51],"tags":[],"class_list":["post-13205","post","type-post","status-publish","format-standard","has-post-thumbnail","hentry","category-aktivnosti","et-has-post-format-content","et_post_format-et-post-format-standard"],"_links":{"self":[{"href":"https:\/\/www.ngo-horizonti.org\/mne\/wp-json\/wp\/v2\/posts\/13205","targetHints":{"allow":["GET"]}}],"collection":[{"href":"https:\/\/www.ngo-horizonti.org\/mne\/wp-json\/wp\/v2\/posts"}],"about":[{"href":"https:\/\/www.ngo-horizonti.org\/mne\/wp-json\/wp\/v2\/types\/post"}],"author":[{"embeddable":true,"href":"https:\/\/www.ngo-horizonti.org\/mne\/wp-json\/wp\/v2\/users\/1"}],"replies":[{"embeddable":true,"href":"https:\/\/www.ngo-horizonti.org\/mne\/wp-json\/wp\/v2\/comments?post=13205"}],"version-history":[{"count":3,"href":"https:\/\/www.ngo-horizonti.org\/mne\/wp-json\/wp\/v2\/posts\/13205\/revisions"}],"predecessor-version":[{"id":13216,"href":"https:\/\/www.ngo-horizonti.org\/mne\/wp-json\/wp\/v2\/posts\/13205\/revisions\/13216"}],"wp:featuredmedia":[{"embeddable":true,"href":"https:\/\/www.ngo-horizonti.org\/mne\/wp-json\/wp\/v2\/media\/13199"}],"wp:attachment":[{"href":"https:\/\/www.ngo-horizonti.org\/mne\/wp-json\/wp\/v2\/media?parent=13205"}],"wp:term":[{"taxonomy":"category","embeddable":true,"href":"https:\/\/www.ngo-horizonti.org\/mne\/wp-json\/wp\/v2\/categories?post=13205"},{"taxonomy":"post_tag","embeddable":true,"href":"https:\/\/www.ngo-horizonti.org\/mne\/wp-json\/wp\/v2\/tags?post=13205"}],"curies":[{"name":"wp","href":"https:\/\/api.w.org\/{rel}","templated":true}]}}