{"id":13089,"date":"2023-10-19T09:54:43","date_gmt":"2023-10-19T08:54:43","guid":{"rendered":"https:\/\/www.ngo-horizonti.org\/?p=13089"},"modified":"2024-07-17T10:51:40","modified_gmt":"2024-07-17T09:51:40","slug":"osnazivanje-mladih-u-promovisanju-dijaloga-i-tolerancije","status":"publish","type":"post","link":"https:\/\/www.ngo-horizonti.org\/mne\/osnazivanje-mladih-u-promovisanju-dijaloga-i-tolerancije\/","title":{"rendered":"OSNA\u017dIVANJE MLADIH U PROMOVISANJU DIJALOGA I TOLERANCIJE"},"content":{"rendered":"<p style=\"text-align: justify;\">Organizacija civilnog dru\u0161tva Novi Horizont zapo\u010dinje realizaciju novog projekta pod nazivom \u201eOsna\u017eivanje mladih u promovisanju dijaloga i tolerancije\u201c.<br \/>\nKroz ovaj projekat koji \u0107e trajati deset mjeseci, tridesetak mladih iz Ulcinja i Bara \u0107e se obu\u010davati o konceptu demokratije i ljudskih prava, pitanjima razli\u010ditosti i identiteta, interkulturalnom dijalogu, nenasilnoj komunikaciji, demokratskom gra\u0111anstvu, voluntarizmu i dru\u0161tvenom aktivizmu, politi\u010dkim procesima i sli\u010dno, \u010dime \u0107e se pove\u0107ati njihove kompetencije u stalnom praktikovanju kulture tolerancije u sredinama u kojima \u017eive.<br \/>\n<span style=\"font-size: 8pt;\">&nbsp;&nbsp;<\/span><br \/>\nOvaj projekat ima za cilj uspostavljanje efikasne komunikacije izme\u0111u mladih iz Ulcinja i Bara, razbijanje predrasuda i barijera u komunikaciji, kao i pove\u0107anje njihovih znanja i vje\u0161tina za u\u010de\u0161\u0107e u lokalnim inicijativama, omladinskim politikama i integracionim procesima.<br \/>\nMladi \u0107e kroz ovaj projekat imati priliku i da se upoznaju sa pozitivnim primjerima i dobrim praksama iz Sjedinjenih Ameri\u010dkih Dr\u017eava po pitanju interkulturalizma i razli\u010ditosti, nediskriminacije i vladavine prava, gra\u0111anskih inicijativa i omladinskih pokreta, itd.<\/p>\n<p style=\"text-align: justify;\">Pored ovog programa neformalnog obrazovanja koji se sastoji od \u0161est trening modula, mladi \u0107e imati priliku da u\u010destvuju i u uzajamnim posjetama doti\u010dnih op\u0161tina, zatim u studijskoj posjeti Skup\u0161tini Crne Gore, kao i Ameri\u010dkom uglu u Podgorici. Projekat c\u0301e se okon\u010dati sve\u010danom dodjelom diploma uspje\u0161nim u\u010desnicima projekta.<\/p>\n<p>Zainteresovani srednjo\u0161kolci se mogu prijaviti <strong><a href=\"https:\/\/docs.google.com\/forms\/d\/e\/1FAIpQLSeEkCds23Vxt9El3yUG2IsW1zyOYGA7wjQVaFTIlM9fwwfneA\/viewform?usp=pp_url\">OVDJE<\/a>.<\/strong><\/p>\n<p style=\"text-align: justify;\">Ovaj projekat se realizuje uz podr\u0161ku Ameri\u010dke ambasade u Podgorici.<\/p>\n<p><img loading=\"lazy\" decoding=\"async\" class=\"aligncenter wp-image-13082\" src=\"https:\/\/www.ngo-horizonti.org\/wp-content\/uploads\/2023\/10\/amerika-23-1024x243.png\" alt=\"amerika 23\" width=\"861\" height=\"204\" srcset=\"https:\/\/www.ngo-horizonti.org\/wp-content\/uploads\/2023\/10\/amerika-23-1024x243.png 1024w, https:\/\/www.ngo-horizonti.org\/wp-content\/uploads\/2023\/10\/amerika-23-300x71.png 300w, https:\/\/www.ngo-horizonti.org\/wp-content\/uploads\/2023\/10\/amerika-23-768x182.png 768w, https:\/\/www.ngo-horizonti.org\/wp-content\/uploads\/2023\/10\/amerika-23-1080x256.png 1080w, https:\/\/www.ngo-horizonti.org\/wp-content\/uploads\/2023\/10\/amerika-23.png 1436w\" sizes=\"(max-width: 861px) 100vw, 861px\" \/><\/p>\n<hr>\n<p style=\"text-align: center;\"><strong>IMPLEMENTACIJA PROJEKTA&nbsp;<\/strong><\/p>\n<p><strong>TRENING MODUL 1.&nbsp;<br \/>\n<\/strong><strong>TEMA: POJAM DEMOKRATIJE<br \/>\n<\/strong>&#8211; \u0161to zna\u010di i odakle poti\u010de, kako se demokratija (zlo)upotrebljava;<br \/>\n&#8211; osnovne karakteristike demokratije<br \/>\n&#8211; \u0161to demokratija podrazumijeva \u2013 kao proces ostvarivanja ljudskih prava i sloboda, kao na\u010din dru\u0161tvenog \u017eivljenja i odnosa u dru\u0161tvu.<br \/>\n&#8211; skustava primjene demokratije u SAD (ilustracije, video prilozi. komparativne analize sa CG)<\/p>\nngg_shortcode_0_placeholder\n<p><strong><iframe loading=\"lazy\" src=\"\/\/www.youtube.com\/embed\/tmazIqsTrd8?t=4s\" width=\"560\" height=\"314\" allowfullscreen=\"allowfullscreen\"><\/iframe><\/strong><\/p>\n<p><strong>T<\/strong><strong>RENING <\/strong><strong>MODUL 2<br \/>\n<\/strong><strong>TEMA : LJUDSKA PRAVA<br \/>\n<\/strong>&#8211; prakti\u010dno znanje ljudskih prava<br \/>\n&#8211; pojam i nastanak modernog koncepta ljudskih prava<br \/>\n&#8211; Kako se \u0161tite ljudska prava i kome se gra\u0111anin mo\u017ee obratiti za za\u0161titu?<br \/>\n&#8211; Ljudska prava u \u0161koli<br \/>\n&#8211; pozitivni primjeri i dobre prakse iz SAD<\/p>\n<p>ngg_shortcode_1_placeholder<iframe loading=\"lazy\" src=\"\/\/www.youtube.com\/embed\/Opb9flvUoLM\" width=\"560\" height=\"314\" allowfullscreen=\"allowfullscreen\"><\/iframe><\/p>\n<p><strong>TRENING MODUL 3<br \/>\nTEMA: <\/strong><strong>IDENTITET I RAZLI\u010cITOSTI<br \/>\n<\/strong>&#8211; Dimenzije identiteta<br \/>\n&#8211; Razumijevanje identiteta, vrijednosti i uvjerenja koja oblikuju pona\u0161anje<br \/>\n&#8211; Kultura i identitet \/ stereotipi, predrasude i diskriminacija<br \/>\n&#8211; Pozitivni primjeri i dobre prakse iz SAD<\/p>\n<p>ngg_shortcode_2_placeholder<strong> <iframe loading=\"lazy\" src=\"\/\/www.youtube.com\/embed\/O_A9HfrgIY8\" width=\"560\" height=\"314\" allowfullscreen=\"allowfullscreen\"><\/iframe><br \/>\n<\/strong><\/p>\n<p><strong>TRENING MODUL 4<br \/>\n<\/strong><strong>TEMA: INTERKULTURALNI DIJALOG<\/strong><\/p>\n<p>&#8211; Komunikacija me\u0111u pripadnicima razli\u010ditih kultura<br \/>\n&#8211; Odnos \u201cna\u0161e\u201d i \u201cdrugih\u201d kultura<br \/>\n&#8211; \u0160ta je interkulutralno u\u010denje?<br \/>\n&#8211; Prakti\u010dni primjeri iz umjetni\u010dke i kulturne prakse iz CG i SAD<\/p>\n<p>ngg_shortcode_3_placeholder<iframe loading=\"lazy\" src=\"\/\/www.youtube.com\/embed\/7hg03P61Xss?ab_channel=NewHorizonNGO\" width=\"560\" height=\"314\" allowfullscreen=\"allowfullscreen\"><\/iframe><\/p>\n<p><strong> TRENING MODUL 5<br \/>\nTEMA: AKTIVNO GRA\u0110ANSTVO<\/strong><\/p>\n<p>&#8211; pojam \u201egra\u0111anin\u201c<br \/>\n&#8211; dru\u0161tvena participacija<br \/>\n&#8211; proces dono\u0161enja odluka (lokalna zajednica, dr\u017eava)<br \/>\n&#8211; voluntarizam, aktivizam \/ Liderstvo (aktivni gra\u0111ani-mladi lideri)<br \/>\n&#8211; Simulacija rada lokalnog parlamenta<\/p>\n<p>ngg_shortcode_4_placeholder<iframe loading=\"lazy\" src=\"\/\/www.youtube.com\/embed\/qa9kjgW8D5s?ab_channel=NewHorizonNGO\" width=\"560\" height=\"314\" allowfullscreen=\"allowfullscreen\"><\/iframe><\/p>\n<p style=\"text-align: justify;\"><strong>WORKSHOP 6<br \/>\nGost-uvodni\u010dar: Diandra Ko\u010dan<br \/>\nTEMA: <\/strong>Go\u0161\u0107a je govorila o programima razmjene srednjo\u0161kolaca u Sjedinjenim Ameri\u010dkim Dr\u017eavama; o svojim li\u010dnim iskustvima na ovom programu, konceptu interkulturalnosti, vrijednostima ameri\u010dkog dru\u0161tva, kulture, omladinskog aktivizma, itd.<\/p>\nngg_shortcode_5_placeholder\n<p style=\"text-align: justify;\"><strong>INTERKULTURALNA POSJETA BAR&nbsp;<br \/>\n<\/strong>Omladinski aktivisti iz Bara i Ulcinja su u\u010destvovali u interkulturalnoj studijskoj posjeti glavnim vjerskim institucijama u op\u0161tini Bar \u2013 Islamski Kulturni Centar Bar, Katedrala Svetog Petra Apostola i Saborni Hram Svetog Jovana Vladimira.<\/p>\n<p>ngg_shortcode_6_placeholder<strong>INTERKULTURALNA POSJETA ULCINJ<\/strong><b><br \/>\n<\/b>Polaznici programa su posjetili D\u017eamiju Moreplovaca, Stari Grad sa muzejskim kompleksom i Crkvu Svetog Nikole u Ulcinju.<\/p>\n<p>ngg_shortcode_7_placeholder<iframe loading=\"lazy\" src=\"\/\/www.youtube.com\/embed\/-GEIzH7Udwc\" width=\"560\" height=\"314\" allowfullscreen=\"allowfullscreen\"><\/iframe><\/p>\n<p style=\"text-align: justify;\"><strong>POSJETA SKUP\u0160TINE CRNE GORE<br \/>\n<\/strong>Tokom obilaska zgrade Skup\u0161tine Crne Gore polaznici projekta imali su priliku da se upoznaju sa istorijatom crnogorskog parlamenta, na\u010dinom njegovog funkcionisanja, medijskog pra\u0107enja sjednica radnih tijela i plenuma, kao i da obi\u0111u skup\u0161tinske sale i da pogledaju likovnu zbirku izlo\u017eenu u Skup\u0161tini Crne Gore nakon \u010dega su upoznati i sa organizacijom rada Slu\u017ebe Skup\u0161tine Crne Gore. U posebnoj sesiji, polaznici projekta sastali su se sa poslanikom&nbsp;Dejanom \u0110urovi\u0107em, sa kojim su u otvorenom razgovoru diskutovali o pitanjima parlamentarizma, obrazovanja, rodne ravnopravnosti, ekologije i turizma s posebnim osvrtom na op\u0161tine Bar i Ulcinj.<\/p>\n<p>ngg_shortcode_8_placeholder<iframe loading=\"lazy\" src=\"\/\/www.youtube.com\/embed\/Xyrvi-N5_dw\" width=\"560\" height=\"314\" allowfullscreen=\"allowfullscreen\"><\/iframe><\/p>\n<p style=\"text-align: justify;\"><strong>DODJELA DIPLOMA<br \/>\n<\/strong>U Ameri\u010dkom uglu u Podgorici, 30 srednjo\u0161kolaca iz Ulcinja i Bara je dobilo sertifikate za uspje\u0161no poha\u0111anje projekta \u201eOsna\u017eivanje mladih u promovisanju dijaloga i tolerancije&#8221;. Diplome je uru\u010divala zamjenica \u0161efa Odjeljenja za medije, kulturu i obrazovanje Suzan \u0160ejfer.<\/p>\n<p><img loading=\"lazy\" decoding=\"async\" class=\"aligncenter size-large wp-image-13656\" src=\"https:\/\/www.ngo-horizonti.org\/wp-content\/uploads\/2023\/10\/441065157_841625391341278_1656274247326950722_n-1024x576.jpg\" alt=\"441065157_841625391341278_1656274247326950722_n\" width=\"1024\" height=\"576\" srcset=\"https:\/\/www.ngo-horizonti.org\/wp-content\/uploads\/2023\/10\/441065157_841625391341278_1656274247326950722_n-1024x576.jpg 1024w, https:\/\/www.ngo-horizonti.org\/wp-content\/uploads\/2023\/10\/441065157_841625391341278_1656274247326950722_n-300x169.jpg 300w, https:\/\/www.ngo-horizonti.org\/wp-content\/uploads\/2023\/10\/441065157_841625391341278_1656274247326950722_n-768x432.jpg 768w, https:\/\/www.ngo-horizonti.org\/wp-content\/uploads\/2023\/10\/441065157_841625391341278_1656274247326950722_n-1536x863.jpg 1536w, https:\/\/www.ngo-horizonti.org\/wp-content\/uploads\/2023\/10\/441065157_841625391341278_1656274247326950722_n-1080x607.jpg 1080w, https:\/\/www.ngo-horizonti.org\/wp-content\/uploads\/2023\/10\/441065157_841625391341278_1656274247326950722_n.jpg 2048w\" sizes=\"(max-width: 1024px) 100vw, 1024px\" \/><\/p>\n<p><strong>FINALIZACIJA PROJEKTA &#8211; ZAVR\u0160NI VIDEO<br \/>\n<\/strong><iframe loading=\"lazy\" src=\"\/\/www.youtube.com\/embed\/-RPexiJAQnk?t=8s\" width=\"560\" height=\"314\" allowfullscreen=\"allowfullscreen\"><\/iframe><\/p>\n<p>&nbsp;<\/p>\n","protected":false},"excerpt":{"rendered":"<p>Organizacija civilnog dru\u0161tva Novi Horizont zapo\u010dinje realizaciju novog projekta pod nazivom \u201eOsna\u017eivanje mladih u promovisanju dijaloga i tolerancije\u201c. Kroz ovaj projekat koji \u0107e trajati deset mjeseci, tridesetak mladih iz Ulcinja i Bara \u0107e se obu\u010davati o konceptu demokratije i ljudskih prava, pitanjima razli\u010ditosti i identiteta, interkulturalnom dijalogu, nenasilnoj komunikaciji, demokratskom gra\u0111anstvu, voluntarizmu i dru\u0161tvenom aktivizmu, [&hellip;]<\/p>\n","protected":false},"author":1,"featured_media":13090,"comment_status":"open","ping_status":"open","sticky":false,"template":"","format":"standard","meta":{"_et_pb_use_builder":"","_et_pb_old_content":"","_et_gb_content_width":"","ngg_post_thumbnail":0,"slim_seo":{"title":"OSNA\u017dIVANJE MLADIH U PROMOVISANJU DIJALOGA I TOLERANCIJE - New Horizon NGO","description":"Organizacija civilnog dru\u0161tva Novi Horizont zapo\u010dinje realizaciju novog projekta pod nazivom \u201eOsna\u017eivanje mladih u promovisanju dijaloga i tolerancije\u201c. Kroz ov"},"footnotes":""},"categories":[52],"tags":[],"class_list":["post-13089","post","type-post","status-publish","format-standard","has-post-thumbnail","hentry","category-projekti","et-has-post-format-content","et_post_format-et-post-format-standard"],"_links":{"self":[{"href":"https:\/\/www.ngo-horizonti.org\/mne\/wp-json\/wp\/v2\/posts\/13089","targetHints":{"allow":["GET"]}}],"collection":[{"href":"https:\/\/www.ngo-horizonti.org\/mne\/wp-json\/wp\/v2\/posts"}],"about":[{"href":"https:\/\/www.ngo-horizonti.org\/mne\/wp-json\/wp\/v2\/types\/post"}],"author":[{"embeddable":true,"href":"https:\/\/www.ngo-horizonti.org\/mne\/wp-json\/wp\/v2\/users\/1"}],"replies":[{"embeddable":true,"href":"https:\/\/www.ngo-horizonti.org\/mne\/wp-json\/wp\/v2\/comments?post=13089"}],"version-history":[{"count":10,"href":"https:\/\/www.ngo-horizonti.org\/mne\/wp-json\/wp\/v2\/posts\/13089\/revisions"}],"predecessor-version":[{"id":13895,"href":"https:\/\/www.ngo-horizonti.org\/mne\/wp-json\/wp\/v2\/posts\/13089\/revisions\/13895"}],"wp:featuredmedia":[{"embeddable":true,"href":"https:\/\/www.ngo-horizonti.org\/mne\/wp-json\/wp\/v2\/media\/13090"}],"wp:attachment":[{"href":"https:\/\/www.ngo-horizonti.org\/mne\/wp-json\/wp\/v2\/media?parent=13089"}],"wp:term":[{"taxonomy":"category","embeddable":true,"href":"https:\/\/www.ngo-horizonti.org\/mne\/wp-json\/wp\/v2\/categories?post=13089"},{"taxonomy":"post_tag","embeddable":true,"href":"https:\/\/www.ngo-horizonti.org\/mne\/wp-json\/wp\/v2\/tags?post=13089"}],"curies":[{"name":"wp","href":"https:\/\/api.w.org\/{rel}","templated":true}]}}