{"id":13077,"date":"2023-10-02T09:17:19","date_gmt":"2023-10-02T08:17:19","guid":{"rendered":"https:\/\/www.ngo-horizonti.org\/?p=13077"},"modified":"2023-10-02T09:17:19","modified_gmt":"2023-10-02T08:17:19","slug":"uspjesno-je-okoncan-projekat-odlucivanje-sa-mladima","status":"publish","type":"post","link":"https:\/\/www.ngo-horizonti.org\/mne\/uspjesno-je-okoncan-projekat-odlucivanje-sa-mladima\/","title":{"rendered":"USPJE\u0160NO JE OKON\u010cAN PROJEKAT \u201eODLU\u010cIVANJE SA MLADIMA\u201c"},"content":{"rendered":"<p style=\"text-align: justify;\">Sve\u010dana dodjela diploma bila je zavr\u0161na aktivnost projekta \u201eOdlu\u010divanje sa mladima\u201c, koji je NVO Novi Horizonti realizovalo u proteklih \u0161est mjeseci.<br \/>\nOp\u0161ti cilj ovog projekta je bio informisanje i podsticanje mladih u Ulcinju za moguc\u0301nosti u\u010de\u0161c\u0301a u procesu dono\u0161enja odluka u lokalnoj zajednici.<br \/>\nGlavni rezultati koji se mogu evidentirati na kraju ovog programa neformalnog obrazovanja su:<\/p>\n<ul style=\"list-style-type: circle; text-align: justify;\">\n<li>25 omladinskih aktivista je poha\u0111alo ciklus od 6 trening sesija i oja\u010dalo svoje kapacitete u vezi sa funkcionisanjem gra\u0111anskog u\u010de\u0161c\u0301a na lokalnom nivou, omladinskim inicijativama, kulturnim politikama, procesom lokalnog bud\u017eetiranja, itd.;<\/li>\n<li>Studijske posjete Skup\u0161tini Crne Gore, Op\u0161tini Ulcinj i Osnovnom sudu u Ulcinju pomogle su mladima da bli\u017ee upoznaju ulogu i zna\u010daj ovih institucija u politi\u010dkom i dru\u0161tvenom \u017eivotu dr\u017eave i grada;<\/li>\n<li>Mladi su uspostavili direktnu komunikaciju sa donosiocima odluka i kreatorima politike od najvi\u0161eg nivoa vlasti do lokalnih administrativnih slu\u017ebi;<\/li>\n<li>Politi\u010dki akteri \u2013 nosioci vlasti, kroz dijalog sa mladima, informisani su o njihovim potrebama i problemima sa kojima se suo\u010davaju, dobijaju\u0107i konkretne ideje i predloge koje mogu koristiti u kreiranju efektivnih lokalnih politika i strategija.<\/li>\n<\/ul>\n<p style=\"text-align: justify;\">Novi Horizont se ovom prilikom zahvaljuju svim saradnicima na ovom projektu \u2013 pojedincima i institucijama, od lokalnog do dr\u017eavnog nivoa, koji su dali zna\u010dajan doprinos uspje\u0161noj realizaciji svih projektnih aktivnosti.<\/p>\n<p style=\"text-align: justify;\"><em><strong>Projekat je realizovan u sklopu program \u201eOCD u Crnoj Gori \u2013 od osnovnih usluga do oblikovanja politika \u2013 M\u2019BASE\u201c koji sprovode Centar za gra\u0111ansko obrazovanje (CGO), Friedrich-Ebert-Stiftung (FES), Centar za za\u0161titu i prou\u010davanje ptica Crne Gore (CZIP) i Politikon mre\u017ea. Projekat finansira Evropska unija, a kofinansira Ministarstvo javne uprave.<\/strong><\/em><\/p>\n<p style=\"text-align: justify;\"><img loading=\"lazy\" decoding=\"async\" class=\"aligncenter  wp-image-12761\" src=\"https:\/\/www.ngo-horizonti.org\/wp-content\/uploads\/2023\/04\/WEB-FOOTER-1024x270.png\" alt=\"WEB FOOTER\" width=\"928\" height=\"245\" srcset=\"https:\/\/www.ngo-horizonti.org\/wp-content\/uploads\/2023\/04\/WEB-FOOTER-1024x270.png 1024w, https:\/\/www.ngo-horizonti.org\/wp-content\/uploads\/2023\/04\/WEB-FOOTER-300x79.png 300w, https:\/\/www.ngo-horizonti.org\/wp-content\/uploads\/2023\/04\/WEB-FOOTER-768x203.png 768w, https:\/\/www.ngo-horizonti.org\/wp-content\/uploads\/2023\/04\/WEB-FOOTER-1536x406.png 1536w, https:\/\/www.ngo-horizonti.org\/wp-content\/uploads\/2023\/04\/WEB-FOOTER-1080x285.png 1080w, https:\/\/www.ngo-horizonti.org\/wp-content\/uploads\/2023\/04\/WEB-FOOTER.png 1734w\" sizes=\"(max-width: 928px) 100vw, 928px\" \/><\/p>\n<hr>\n<p>&nbsp;<\/p>\n<p>&nbsp;<\/p>\n<p>&nbsp;<\/p>\n","protected":false},"excerpt":{"rendered":"<p>Sve\u010dana dodjela diploma bila je zavr\u0161na aktivnost projekta \u201eOdlu\u010divanje sa mladima\u201c, koji je NVO Novi Horizonti realizovalo u proteklih \u0161est mjeseci. Op\u0161ti cilj ovog projekta je bio informisanje i podsticanje mladih u Ulcinju za moguc\u0301nosti u\u010de\u0161c\u0301a u procesu dono\u0161enja odluka u lokalnoj zajednici. Glavni rezultati koji se mogu evidentirati na kraju ovog programa neformalnog obrazovanja [&hellip;]<\/p>\n","protected":false},"author":1,"featured_media":13071,"comment_status":"open","ping_status":"open","sticky":false,"template":"","format":"standard","meta":{"_et_pb_use_builder":"","_et_pb_old_content":"","_et_gb_content_width":"","ngg_post_thumbnail":0,"slim_seo":{"title":"USPJE\u0160NO JE OKON\u010cAN PROJEKAT \u201eODLU\u010cIVANJE SA MLADIMA\u201c - New Horizon NGO","description":"Sve\u010dana dodjela diploma bila je zavr\u0161na aktivnost projekta \u201eOdlu\u010divanje sa mladima\u201c, koji je NVO Novi Horizonti realizovalo u proteklih \u0161est mjeseci. Op\u0161ti cilj"},"footnotes":""},"categories":[51],"tags":[],"class_list":["post-13077","post","type-post","status-publish","format-standard","has-post-thumbnail","hentry","category-aktivnosti","et-has-post-format-content","et_post_format-et-post-format-standard"],"_links":{"self":[{"href":"https:\/\/www.ngo-horizonti.org\/mne\/wp-json\/wp\/v2\/posts\/13077","targetHints":{"allow":["GET"]}}],"collection":[{"href":"https:\/\/www.ngo-horizonti.org\/mne\/wp-json\/wp\/v2\/posts"}],"about":[{"href":"https:\/\/www.ngo-horizonti.org\/mne\/wp-json\/wp\/v2\/types\/post"}],"author":[{"embeddable":true,"href":"https:\/\/www.ngo-horizonti.org\/mne\/wp-json\/wp\/v2\/users\/1"}],"replies":[{"embeddable":true,"href":"https:\/\/www.ngo-horizonti.org\/mne\/wp-json\/wp\/v2\/comments?post=13077"}],"version-history":[{"count":1,"href":"https:\/\/www.ngo-horizonti.org\/mne\/wp-json\/wp\/v2\/posts\/13077\/revisions"}],"predecessor-version":[{"id":13079,"href":"https:\/\/www.ngo-horizonti.org\/mne\/wp-json\/wp\/v2\/posts\/13077\/revisions\/13079"}],"wp:featuredmedia":[{"embeddable":true,"href":"https:\/\/www.ngo-horizonti.org\/mne\/wp-json\/wp\/v2\/media\/13071"}],"wp:attachment":[{"href":"https:\/\/www.ngo-horizonti.org\/mne\/wp-json\/wp\/v2\/media?parent=13077"}],"wp:term":[{"taxonomy":"category","embeddable":true,"href":"https:\/\/www.ngo-horizonti.org\/mne\/wp-json\/wp\/v2\/categories?post=13077"},{"taxonomy":"post_tag","embeddable":true,"href":"https:\/\/www.ngo-horizonti.org\/mne\/wp-json\/wp\/v2\/tags?post=13077"}],"curies":[{"name":"wp","href":"https:\/\/api.w.org\/{rel}","templated":true}]}}