{"id":12404,"date":"2022-11-02T10:25:07","date_gmt":"2022-11-02T09:25:07","guid":{"rendered":"https:\/\/www.ngo-horizonti.org\/?p=12404"},"modified":"2022-11-22T11:12:33","modified_gmt":"2022-11-22T10:12:33","slug":"srednjoskolci-upoznati-sa-konceptom-lokalne-samouprave","status":"publish","type":"post","link":"https:\/\/www.ngo-horizonti.org\/mne\/srednjoskolci-upoznati-sa-konceptom-lokalne-samouprave\/","title":{"rendered":"Srednjo\u0161kolci upoznati sa konceptom lokalne samouprave"},"content":{"rendered":"<p style=\"text-align: justify;\">NVO Novi Horizont u saradnji sa Skup\u0161tinom op\u0161tine (SO) Ulcinj organizovao je info-panel o funkcionisanju lokalne samouprave u prizmi novih principa i pristupa koje donosi Reforma javne uprave u Crnoj Gori.<\/p>\n<p style=\"text-align: justify;\">Ulcinjski srednjo\u0161kolci su imali priliku da od predsjednika i sekretarke SO <strong>Ardijana Mavri\u0107a&nbsp;<\/strong>i &nbsp;<strong>Valdete Osmani Husiq<\/strong> dobiju direktne informacije o konceptu lokalne samouprave, kako se formira lokalni parlament, kakva je njegova struktura, koja su ovla\u0161\u0107enja i funkcije Skup\u0161tine op\u0161tine, kako se donose odluke, koji su mehanizmi u\u010de\u0161\u0107a gra\u0111ana u procesu odlu\u010divanja, kako gra\u0111ani mogu da prate rad skup\u0161tine. Mladi aktivisti su tako\u0111e prisustvovali i neformalnoj parlamentarnoj sesiji u skup\u0161tinskoj sali, postavljaju\u0107i direktna pitanja predsjedniku Skup\u0161tine, \u010dime je nastavljen pozitivan primjer slu\u0161anja glasa mladih od strane donosioca odluka na lokalnom nivou, koji je ova NVO inicirala prije par godina-saop\u0161tili su portal Feral.bar iz NVO Novi Horizont.<\/p>\n<p style=\"text-align: justify;\"><em>Ova aktivnost je realizovana u sklopu projekta \u201eReforma koju svi razumijemo\u201c koji podr\u017eava Ministarstvo javne uprave Crne Gore.<\/em><\/p>\nngg_shortcode_0_placeholder\n<hr>\n<p><img loading=\"lazy\" decoding=\"async\" class=\"aligncenter wp-image-12182\" src=\"https:\/\/www.ngo-horizonti.org\/wp-content\/uploads\/2022\/09\/HEADER..png\" alt=\"HEADER.\" width=\"759\" height=\"132\" srcset=\"https:\/\/www.ngo-horizonti.org\/wp-content\/uploads\/2022\/09\/HEADER..png 1024w, https:\/\/www.ngo-horizonti.org\/wp-content\/uploads\/2022\/09\/HEADER.-300x52.png 300w, https:\/\/www.ngo-horizonti.org\/wp-content\/uploads\/2022\/09\/HEADER.-768x134.png 768w\" sizes=\"(max-width: 759px) 100vw, 759px\" \/><\/p>\n<p>&nbsp;<\/p>\n","protected":false},"excerpt":{"rendered":"<p>NVO Novi Horizont u saradnji sa Skup\u0161tinom op\u0161tine (SO) Ulcinj organizovao je info-panel o funkcionisanju lokalne samouprave u prizmi novih principa i pristupa koje donosi Reforma javne uprave u Crnoj Gori. Ulcinjski srednjo\u0161kolci su imali priliku da od predsjednika i sekretarke SO Ardijana Mavri\u0107a&nbsp;i &nbsp;Valdete Osmani Husiq dobiju direktne informacije o konceptu lokalne samouprave, kako [&hellip;]<\/p>\n","protected":false},"author":1,"featured_media":12399,"comment_status":"open","ping_status":"open","sticky":false,"template":"","format":"standard","meta":{"_et_pb_use_builder":"","_et_pb_old_content":"","_et_gb_content_width":"","ngg_post_thumbnail":0,"slim_seo":{"title":"Srednjo\u0161kolci upoznati sa konceptom lokalne samouprave - New Horizon NGO","description":"NVO Novi Horizont u saradnji sa Skup\u0161tinom op\u0161tine (SO) Ulcinj organizovao je info-panel o funkcionisanju lokalne samouprave u prizmi novih principa i pristupa"},"footnotes":""},"categories":[51],"tags":[],"class_list":["post-12404","post","type-post","status-publish","format-standard","has-post-thumbnail","hentry","category-aktivnosti","et-has-post-format-content","et_post_format-et-post-format-standard"],"_links":{"self":[{"href":"https:\/\/www.ngo-horizonti.org\/mne\/wp-json\/wp\/v2\/posts\/12404","targetHints":{"allow":["GET"]}}],"collection":[{"href":"https:\/\/www.ngo-horizonti.org\/mne\/wp-json\/wp\/v2\/posts"}],"about":[{"href":"https:\/\/www.ngo-horizonti.org\/mne\/wp-json\/wp\/v2\/types\/post"}],"author":[{"embeddable":true,"href":"https:\/\/www.ngo-horizonti.org\/mne\/wp-json\/wp\/v2\/users\/1"}],"replies":[{"embeddable":true,"href":"https:\/\/www.ngo-horizonti.org\/mne\/wp-json\/wp\/v2\/comments?post=12404"}],"version-history":[{"count":1,"href":"https:\/\/www.ngo-horizonti.org\/mne\/wp-json\/wp\/v2\/posts\/12404\/revisions"}],"predecessor-version":[{"id":12405,"href":"https:\/\/www.ngo-horizonti.org\/mne\/wp-json\/wp\/v2\/posts\/12404\/revisions\/12405"}],"wp:featuredmedia":[{"embeddable":true,"href":"https:\/\/www.ngo-horizonti.org\/mne\/wp-json\/wp\/v2\/media\/12399"}],"wp:attachment":[{"href":"https:\/\/www.ngo-horizonti.org\/mne\/wp-json\/wp\/v2\/media?parent=12404"}],"wp:term":[{"taxonomy":"category","embeddable":true,"href":"https:\/\/www.ngo-horizonti.org\/mne\/wp-json\/wp\/v2\/categories?post=12404"},{"taxonomy":"post_tag","embeddable":true,"href":"https:\/\/www.ngo-horizonti.org\/mne\/wp-json\/wp\/v2\/tags?post=12404"}],"curies":[{"name":"wp","href":"https:\/\/api.w.org\/{rel}","templated":true}]}}