{"id":12340,"date":"2022-11-02T13:18:21","date_gmt":"2022-11-02T12:18:21","guid":{"rendered":"https:\/\/www.ngo-horizonti.org\/?p=12340"},"modified":"2023-02-17T10:58:22","modified_gmt":"2023-02-17T09:58:22","slug":"medijska-pismenost-i-kriticko-razmisljanje-program-obuke-za-mlade","status":"publish","type":"post","link":"https:\/\/www.ngo-horizonti.org\/mne\/medijska-pismenost-i-kriticko-razmisljanje-program-obuke-za-mlade\/","title":{"rendered":"MEDIJSKA PISMENOST I KRITI\u010cKO RAZMI\u0160LJANJE \u2013 PROGRAM OBUKE ZA MLADE"},"content":{"rendered":"<p style=\"text-align: justify;\">NVO Novi Horizont po\u010dinje realizaciju projekta<strong> \u201eJa\u010danje medijske pismenosti i kriti\u010dkog razmi\u0161ljanja mladih iz manjinskih zajednica\u201c<\/strong>. Kroz ovaj projekat, podr\u017ean od strane Ameri\u010dke ambasade u Podgorici, 30 mladih iz Ulcinja i Tuzi pratic\u0301e neformalni obrazovni program koji \u0107e ih osna\u017eivati u razvijanju analiti\u010dkog pristupa medijskim sadr\u017eajima.<\/p>\n<p style=\"text-align: justify;\">Polaznici programa, kroz ciklus od sedam jednodnevnih trening sesija \u0107e nau\u010diti kako da razumiju su\u0161tinu medijske poruke putem kreiranja medijskih sadr\u017eaja, kao i zna\u010daj medijske pismenosti za zauzimanje proaktivnog stava u odnosu na informacije koje se plasiraju mladima. Pored toga, posebna pa\u017enja \u0107e se posvetiti govoru mr\u017enje u medijima i na dru\u0161tvenim mre\u017eama, kao i bezbjednosti i privatnosti tokom kori\u0161\u0107enja internet platformi.<br \/>\nMladi \u0107e kroz ovaj projekat raditi i na unaprje\u0111enju tehnika javne komunikacije i debatiranja, sprovo\u0111enju javnih kampanji, terenskih istra\u017eivanja i sli\u010dno. Zna\u010dajan segment projekta \u0107e se odnositi i na edukaciju za demokratsko gra\u0111anstvo i ljudska\/manjinska prava, koji \u0107e mladim ljudima ponuditi razumijevanje, vje\u0161tine i stavove koji \u0107e im pomo\u0107i da imaju aktivnu ulogu u njihovim zajednicama i da promovi\u0161u vladavinu prava.<br \/>\nObuke \u0107e se odr\u017eati u Kutku za mlade u Gradskoj biblioteci Ulcinj.<\/p>\n<p style=\"text-align: justify;\">Projekat je podr\u017ean u sklopu programa <strong><em>\u201eU.S. Embassy\u2019s 2022 Media Professionalization Assistance Program\u201c<\/em><\/strong>.<\/p>\n<p style=\"text-align: justify;\"><img loading=\"lazy\" decoding=\"async\" class=\"aligncenter wp-image-12504 \" src=\"https:\/\/www.ngo-horizonti.org\/wp-content\/uploads\/2022\/12\/LOGOS-header-e1676627754117-1024x241.png\" alt=\"LOGOS - header\" width=\"625\" height=\"147\" srcset=\"https:\/\/www.ngo-horizonti.org\/wp-content\/uploads\/2022\/12\/LOGOS-header-e1676627754117-1024x241.png 1024w, https:\/\/www.ngo-horizonti.org\/wp-content\/uploads\/2022\/12\/LOGOS-header-e1676627754117-300x71.png 300w, https:\/\/www.ngo-horizonti.org\/wp-content\/uploads\/2022\/12\/LOGOS-header-e1676627754117-768x181.png 768w, https:\/\/www.ngo-horizonti.org\/wp-content\/uploads\/2022\/12\/LOGOS-header-e1676627754117-1536x362.png 1536w, https:\/\/www.ngo-horizonti.org\/wp-content\/uploads\/2022\/12\/LOGOS-header-e1676627754117-1080x254.png 1080w, https:\/\/www.ngo-horizonti.org\/wp-content\/uploads\/2022\/12\/LOGOS-header-e1676627754117.png 1630w\" sizes=\"(max-width: 625px) 100vw, 625px\" \/><\/p>\n<hr>\n<p style=\"text-align: center;\"><strong>IMPLEMENTACIJA PROJEKTA<\/strong><\/p>\n<p><strong>PREZENTACIJA U MEDIJIMA:<\/strong><\/p>\n<p><a href=\"https:\/\/bit.ly\/3gVyxAD\">UL Info<\/a> \/ <a href=\"https:\/\/bit.ly\/3T5XOp6\">Tv Teuta<\/a> \/ <a href=\"https:\/\/bit.ly\/3h1jUvH\">UL Info<\/a> \/ <a href=\"https:\/\/bit.ly\/3tLsAcZ\">Malesia.org <\/a>&nbsp;\/ <a href=\"https:\/\/feral.bar\/post\/17422\">Feral Bar<\/a> \/ <a href=\"https:\/\/bit.ly\/3WsSqj2\">Malesia.org<\/a> \/ <a href=\"https:\/\/bit.ly\/3Ww0Juu\">Ulqini online<\/a> \/ <a href=\"https:\/\/bit.ly\/3UmYyaE\">Tv Teuta<\/a> \/ <span style=\"color: #0000ff;\"><a style=\"color: #0000ff;\" href=\"https:\/\/bit.ly\/3USkbzU\"><span style=\"color: #333399;\">PortalUL-Info<\/span><\/a><\/span>&nbsp;<\/p>\n<p><strong>AKTIVNOSTI:<\/strong><\/p>\n<p>\u2666&nbsp;<a href=\"https:\/\/www.ngo-horizonti.org\/mne\/mladi-iz-tuzija-i-ulcinja-pohadjaju-obuku-o-mediskoj-pismenosti\/\"><strong>WORKSHOP 1<\/strong><\/a><\/p>\n<p>\u2666&nbsp;<strong><a href=\"https:\/\/www.facebook.com\/photo\/?fbid=6049327241778021&amp;set=pcb.6049339988443413\">WORKSHOP 2&nbsp;<\/a><\/strong><\/p>\n<p>\u2666<a href=\"https:\/\/feral.bar\/post\/18116\"><strong>&nbsp;WORKSHOP 3<\/strong><\/a><\/p>\n<p>\u2666&nbsp;<a href=\"https:\/\/www.ngo-horizonti.org\/mne\/obuka-mladih-o-kritickom-razmisljanju-i-javnom-govoru\/\"><strong>WORKSHOP 4<\/strong><\/a><\/p>\n<p><a href=\"https:\/\/www.facebook.com\/newhorizonngo\/videos\/682752916929583\"><img loading=\"lazy\" decoding=\"async\" class=\"aligncenter size-large wp-image-12691\" src=\"https:\/\/www.ngo-horizonti.org\/wp-content\/uploads\/2022\/11\/Fott-1024x576.jpg\" alt=\"Fott\" width=\"1024\" height=\"576\" srcset=\"https:\/\/www.ngo-horizonti.org\/wp-content\/uploads\/2022\/11\/Fott-1024x576.jpg 1024w, https:\/\/www.ngo-horizonti.org\/wp-content\/uploads\/2022\/11\/Fott-300x169.jpg 300w, https:\/\/www.ngo-horizonti.org\/wp-content\/uploads\/2022\/11\/Fott-768x432.jpg 768w, https:\/\/www.ngo-horizonti.org\/wp-content\/uploads\/2022\/11\/Fott-1536x864.jpg 1536w, https:\/\/www.ngo-horizonti.org\/wp-content\/uploads\/2022\/11\/Fott-1080x608.jpg 1080w, https:\/\/www.ngo-horizonti.org\/wp-content\/uploads\/2022\/11\/Fott.jpg 1920w\" sizes=\"(max-width: 1024px) 100vw, 1024px\" \/><\/a><\/p>\n<p>&nbsp;<\/p>\n","protected":false},"excerpt":{"rendered":"<p>NVO Novi Horizont po\u010dinje realizaciju projekta \u201eJa\u010danje medijske pismenosti i kriti\u010dkog razmi\u0161ljanja mladih iz manjinskih zajednica\u201c. Kroz ovaj projekat, podr\u017ean od strane Ameri\u010dke ambasade u Podgorici, 30 mladih iz Ulcinja i Tuzi pratic\u0301e neformalni obrazovni program koji \u0107e ih osna\u017eivati u razvijanju analiti\u010dkog pristupa medijskim sadr\u017eajima. Polaznici programa, kroz ciklus od sedam jednodnevnih trening sesija [&hellip;]<\/p>\n","protected":false},"author":1,"featured_media":12341,"comment_status":"open","ping_status":"open","sticky":false,"template":"","format":"standard","meta":{"_et_pb_use_builder":"","_et_pb_old_content":"","_et_gb_content_width":"","ngg_post_thumbnail":0,"slim_seo":{"title":"MEDIJSKA PISMENOST I KRITI\u010cKO RAZMI\u0160LJANJE \u2013 PROGRAM OBUKE ZA MLADE - New Horizon NGO","description":"NVO Novi Horizont po\u010dinje realizaciju projekta \u201eJa\u010danje medijske pismenosti i kriti\u010dkog razmi\u0161ljanja mladih iz manjinskih zajednica\u201c . Kroz ovaj projekat, podr\u017e"},"footnotes":""},"categories":[52],"tags":[],"class_list":["post-12340","post","type-post","status-publish","format-standard","has-post-thumbnail","hentry","category-projekti","et-has-post-format-content","et_post_format-et-post-format-standard"],"_links":{"self":[{"href":"https:\/\/www.ngo-horizonti.org\/mne\/wp-json\/wp\/v2\/posts\/12340","targetHints":{"allow":["GET"]}}],"collection":[{"href":"https:\/\/www.ngo-horizonti.org\/mne\/wp-json\/wp\/v2\/posts"}],"about":[{"href":"https:\/\/www.ngo-horizonti.org\/mne\/wp-json\/wp\/v2\/types\/post"}],"author":[{"embeddable":true,"href":"https:\/\/www.ngo-horizonti.org\/mne\/wp-json\/wp\/v2\/users\/1"}],"replies":[{"embeddable":true,"href":"https:\/\/www.ngo-horizonti.org\/mne\/wp-json\/wp\/v2\/comments?post=12340"}],"version-history":[{"count":6,"href":"https:\/\/www.ngo-horizonti.org\/mne\/wp-json\/wp\/v2\/posts\/12340\/revisions"}],"predecessor-version":[{"id":12702,"href":"https:\/\/www.ngo-horizonti.org\/mne\/wp-json\/wp\/v2\/posts\/12340\/revisions\/12702"}],"wp:featuredmedia":[{"embeddable":true,"href":"https:\/\/www.ngo-horizonti.org\/mne\/wp-json\/wp\/v2\/media\/12341"}],"wp:attachment":[{"href":"https:\/\/www.ngo-horizonti.org\/mne\/wp-json\/wp\/v2\/media?parent=12340"}],"wp:term":[{"taxonomy":"category","embeddable":true,"href":"https:\/\/www.ngo-horizonti.org\/mne\/wp-json\/wp\/v2\/categories?post=12340"},{"taxonomy":"post_tag","embeddable":true,"href":"https:\/\/www.ngo-horizonti.org\/mne\/wp-json\/wp\/v2\/tags?post=12340"}],"curies":[{"name":"wp","href":"https:\/\/api.w.org\/{rel}","templated":true}]}}