{"id":11339,"date":"2022-01-13T10:53:50","date_gmt":"2022-01-13T09:53:50","guid":{"rendered":"https:\/\/www.ngo-horizonti.org\/komunikimi-nderkulturor-i-te-rinjve-sfidat-dhe-mundesite\/"},"modified":"2022-05-12T13:02:01","modified_gmt":"2022-05-12T12:02:01","slug":"komunikimi-nderkulturor-i-te-rinjve-sfidat-dhe-mundesite","status":"publish","type":"post","link":"https:\/\/www.ngo-horizonti.org\/mne\/komunikimi-nderkulturor-i-te-rinjve-sfidat-dhe-mundesite\/","title":{"rendered":"INTERKULTURALNA KOMUNIKACIJA MLADIH: IZAZOVI I MOGU\u0106NOSTI"},"content":{"rendered":"<p style=\"text-align: justify;\"><strong>&nbsp;<\/strong>NVO \u201cNovi Horizont\u201d zapo\u010dinje realizaciju projekta \u201cInterkulturalna komunikacija mladih: Izazovi i mogu\u0107nosti\u201d koji ima za cilj edukaciju mladih iz Ulcinja o interkulturalizmu i njihovo osna\u017eivanje za promovisanje kulture tolerancije, uva\u017eavanja razli\u010ditosti i po\u0161tovanje ljudskih prava. Evidentna prisutnost etni\u010dke distance u Crnoj Gori primje\u0107ena u mnogim istra\u017eivanjima posljednjih godina obavezuje dru\u0161tvo, a posebno civilni sektor, da neumitno djeluje u cilju suzbijanja iste. Ovakvim stanjem stvari najvi\u0161e su pogo\u0111eni pripadnici manjinskih naroda.<\/p>\n<p style=\"text-align: justify;\">S tim u vezi NVO \u201eNovi Horizont\u201c je pokrenuo ovaj projekat u cilju promocije me\u0111ukulturne saradnje u na\u0161em dru\u0161tvu, kako bi se smanjila etni\u010dka distanca a interkulturalnost praktikovala u svakodnevnom \u017eivotu radi stvaranja sigurnog, tolerantnog i kreativnog ambijenta u zajednici, u odnosu na razli\u010ditosti.<br \/>\nKroz predlo\u017eeni projekat \u0107e se raditi sa mladima kao prioritetnom ciljnom grupom u cilju stvaranja grupe budu\u0107ih lidera sa oja\u010danim interkulturalnim kompetencijama, sa fokusom na dvije klju\u010dne dimenzije koje ima interkulturalno obrazovanje: uva\u017eavanje razli\u010ditosti i po\u0161tovanje ljudskih prava.<br \/>\nProjekat nastoji podsticati mlade u Ulcinju da postanu zagovornici interkulturalnog dijaloga i demokratskog gra\u0111anstva. Poseban program neformalne edukacije u vidu \u0161kole interkulturalnog dijaloga odvija\u0107e se u cilju osna\u017eivanje kapaciteta mladih o konceptu multikulturalnosti i pravima manjinskih naroda i drugih manjinskih nacionalnih zajednica. Planirane su dvije studijske posjete u cilju ja\u010danja i unaprije\u0111enja interkulturalnog dijaloga me\u0111u mladima u lokalnoj zajednici i \u0161ire.<br \/>\nU okviru ovog projekta \u0161tampa\u0107e se dvojezi\u010dna publikacija u vidu interkulturalnog vodi\u010da sa namjerom da doprinesemo razvoju gra\u0111anskog koncepta na\u0161eg dru\u0161tva u kojoj se kulturna, etni\u010dka, jezi\u010dka i svaka druga razli\u010ditost smatraju vrijednostima, i \u010diji gra\u0111ani kroz obrazovanje sti\u010du i razvijaju interkulturalne kompetencije.<\/p>\n<p style=\"text-align: justify;\">Projekat \u0107e se okon\u010dati realizicijom dvojezi\u010dne edukativne kampanje putem koje \u0107e mladi prenijeti poruke o toleranciji, jednakosti, po\u0161tovanju razli\u010ditosti i nediskriminaciji, koja \u0107e se emitovati putem medija i dru\u0161tvenih mre\u017ea.<\/p>\n<p style=\"text-align: justify;\"><em>Projekat podr\u017eava <strong>Ministarstvo pravde, ljudskih i manjinskih prava Crne Gore<\/strong> u okviru javnog konkursa za finansiranje projekata NVO za 2021. godinu, u oblasti za\u0161tite i promovisanja ljudskih prava.<br \/>\n<\/em><\/p>\n<hr>\n<p><span style=\"color: #0000ff;\"><strong>TRENING SEMINARI ZA MLADE <\/strong><\/span><\/p>\n<p>ngg_shortcode_0_placeholder<span style=\"color: #0000ff;\"><strong>PANEL DISKUSIJA SA MLADIMA&nbsp;<\/strong><\/span><\/p>\n<p>ngg_shortcode_1_placeholder<span style=\"font-size: 18pt; color: #0000ff;\"><strong>STUDIJSKA POSJETA :<\/strong><\/span><\/p>\n<p><strong>KONKATEDRALA SVETOG PETRA APOSTOLA&nbsp; BAR<\/strong><\/p>\n<p>ngg_shortcode_2_placeholder<strong>SABORNI HRAM SVETOG JOVANA VLADIMIRA BAR<\/strong><\/p>\n<p>ngg_shortcode_3_placeholder<strong>MEDRESA MEHMET FATIH &#8211; TUZI<\/strong><\/p>\nngg_shortcode_4_placeholder\n<p><strong>MEDIJSKA POKRIVENOST&nbsp;<\/strong><\/p>\n<p><a href=\"https:\/\/mne.ul-info.com\/novi-horizont-podsticanje-interkulturalne-komunikacije-kod-mladih-u-lokalnoj-zajednici\/\">UL -INFO <\/a><br \/>\n<a href=\"https:\/\/feral.bar\/post\/12209\">FERAL BAR&nbsp;<\/a><\/p>\n<p>UL INFO &#8211; <a href=\"https:\/\/mne.ul-info.com\/novi-horizont-jacanje-interkulturalnih-kompetencija-mladih\/\"><span style=\"font-size: 12pt;\">JA\u010cANJE INTERKULTURALNIH KOMPETENCIJA MLADIH<\/span><\/a><br \/>\nBAR INFO &#8211; <a href=\"http:\/\/barinfo.me\/odrzana-panel-diskusija-jacanje-interkulturalnih-kompetencija-mladih\/#prettyPhoto\">ODR\u017dANA PANEL DISKUSIJA JA\u010cANJE INTERKULTURALNIH KOMPETENCIJA MLADIH<\/a><br \/>\nFERAL BAR &#8211; <a href=\"https:\/\/feral.bar\/post\/13203\">JA\u010cANJE INTERKULTURALNIH KOMPETENCIJA MLADIH<\/a><br \/>\nPORTAL ULCINJ &#8211; <a href=\"https:\/\/portalulcinj.me\/info\/jacanje-interkulturalnih-kompetencija-mladih\/\"><span style=\"font-size: 12pt;\">JA\u010cANJE INTERKULTURALNIH KOMPETENCIJA MLADIH<\/span><\/a><br \/>\nFERAL BAR &#8211; <a href=\"https:\/\/feral.bar\/post\/14306?fbclid=IwAR3gQCgaeBfDhSSo7IZFSYJiAK5Zitzs4GmaNgEmTKtSkmnJb8GlKbjw4tM\">MLADI ULCINJANI OBI\u0160LI KONKATEDRALU I SABORNI HRAM U BARU<\/a><\/p>\n<p>&nbsp;<\/p>\n<p><img loading=\"lazy\" decoding=\"async\" class=\"aligncenter wp-image-11379\" src=\"https:\/\/www.ngo-horizonti.org\/wp-content\/uploads\/2022\/01\/MANJINE-logos-1024x166.png\" alt=\"MANJINE - logos+\" width=\"928\" height=\"150\" srcset=\"https:\/\/www.ngo-horizonti.org\/wp-content\/uploads\/2022\/01\/MANJINE-logos-1024x166.png 1024w, https:\/\/www.ngo-horizonti.org\/wp-content\/uploads\/2022\/01\/MANJINE-logos-300x48.png 300w, https:\/\/www.ngo-horizonti.org\/wp-content\/uploads\/2022\/01\/MANJINE-logos-768x124.png 768w, https:\/\/www.ngo-horizonti.org\/wp-content\/uploads\/2022\/01\/MANJINE-logos-1536x248.png 1536w, https:\/\/www.ngo-horizonti.org\/wp-content\/uploads\/2022\/01\/MANJINE-logos-2048x331.png 2048w, https:\/\/www.ngo-horizonti.org\/wp-content\/uploads\/2022\/01\/MANJINE-logos-1080x175.png 1080w\" sizes=\"(max-width: 928px) 100vw, 928px\" \/><\/p>\n<p style=\"text-align: justify;\">&nbsp;<\/p>\n","protected":false},"excerpt":{"rendered":"<p>&nbsp;NVO \u201cNovi Horizont\u201d zapo\u010dinje realizaciju projekta \u201cInterkulturalna komunikacija mladih: Izazovi i mogu\u0107nosti\u201d koji ima za cilj edukaciju mladih iz Ulcinja o interkulturalizmu i njihovo osna\u017eivanje za promovisanje kulture tolerancije, uva\u017eavanja razli\u010ditosti i po\u0161tovanje ljudskih prava. Evidentna prisutnost etni\u010dke distance u Crnoj Gori primje\u0107ena u mnogim istra\u017eivanjima posljednjih godina obavezuje dru\u0161tvo, a posebno civilni sektor, da [&hellip;]<\/p>\n","protected":false},"author":1,"featured_media":11328,"comment_status":"closed","ping_status":"closed","sticky":false,"template":"","format":"standard","meta":{"_et_pb_use_builder":"","_et_pb_old_content":"","_et_gb_content_width":"","ngg_post_thumbnail":0,"slim_seo":{"title":"INTERKULTURALNA KOMUNIKACIJA MLADIH: IZAZOVI I MOGU\u0106NOSTI - New Horizon NGO","description":"&nbsp; NVO \u201cNovi Horizont\u201d zapo\u010dinje realizaciju projekta \u201cInterkulturalna komunikacija mladih: Izazovi i mogu\u0107nosti\u201d koji ima za cilj edukaciju mladih iz Ulcin"},"footnotes":""},"categories":[52],"tags":[],"class_list":["post-11339","post","type-post","status-publish","format-standard","has-post-thumbnail","hentry","category-projekti","et-has-post-format-content","et_post_format-et-post-format-standard"],"_links":{"self":[{"href":"https:\/\/www.ngo-horizonti.org\/mne\/wp-json\/wp\/v2\/posts\/11339","targetHints":{"allow":["GET"]}}],"collection":[{"href":"https:\/\/www.ngo-horizonti.org\/mne\/wp-json\/wp\/v2\/posts"}],"about":[{"href":"https:\/\/www.ngo-horizonti.org\/mne\/wp-json\/wp\/v2\/types\/post"}],"author":[{"embeddable":true,"href":"https:\/\/www.ngo-horizonti.org\/mne\/wp-json\/wp\/v2\/users\/1"}],"replies":[{"embeddable":true,"href":"https:\/\/www.ngo-horizonti.org\/mne\/wp-json\/wp\/v2\/comments?post=11339"}],"version-history":[{"count":10,"href":"https:\/\/www.ngo-horizonti.org\/mne\/wp-json\/wp\/v2\/posts\/11339\/revisions"}],"predecessor-version":[{"id":11850,"href":"https:\/\/www.ngo-horizonti.org\/mne\/wp-json\/wp\/v2\/posts\/11339\/revisions\/11850"}],"wp:featuredmedia":[{"embeddable":true,"href":"https:\/\/www.ngo-horizonti.org\/mne\/wp-json\/wp\/v2\/media\/11328"}],"wp:attachment":[{"href":"https:\/\/www.ngo-horizonti.org\/mne\/wp-json\/wp\/v2\/media?parent=11339"}],"wp:term":[{"taxonomy":"category","embeddable":true,"href":"https:\/\/www.ngo-horizonti.org\/mne\/wp-json\/wp\/v2\/categories?post=11339"},{"taxonomy":"post_tag","embeddable":true,"href":"https:\/\/www.ngo-horizonti.org\/mne\/wp-json\/wp\/v2\/tags?post=11339"}],"curies":[{"name":"wp","href":"https:\/\/api.w.org\/{rel}","templated":true}]}}