{"id":10274,"date":"2020-11-10T13:40:57","date_gmt":"2020-11-10T12:40:57","guid":{"rendered":"https:\/\/www.ngo-horizonti.org\/?p=10274"},"modified":"2021-01-13T14:48:04","modified_gmt":"2021-01-13T13:48:04","slug":"aktivni-mladi-aktivna-zajednica","status":"publish","type":"post","link":"https:\/\/www.ngo-horizonti.org\/mne\/aktivni-mladi-aktivna-zajednica\/","title":{"rendered":"AKTIVNI MLADI &#8211; AKTIVNA ZAJEDNICA"},"content":{"rendered":"<p>NVO Novi Horizont po\u010deo sa realizacijom projekta <strong>\u201cAKTIVNI MLADI &#8211; AKTIVNA ZAJEDNICA\u201d&nbsp; <\/strong>koje finansira Ministarstvo sporta i mladih Crne Gore.<\/p>\n<p style=\"text-align: justify;\">Op\u0161ti cilj projekta je: podsticanje omladinskog aktivizma u Ulcinju kroz proces neformalne edukacije mladih, kao i ja\u010danje njihovih poslovnih, gra\u0111anskih i socijalnih kompetencija.<br \/>\nCiljnu grupu \u010dine mladi od 15-18 godina zastupljeni iz razli\u010ditih kategorija u\u010desnika, koje su karakteristi\u010dne za lokalnu zajednicu, kao \u0161to su: etni\u010dka, religiozna, jezi\u010dka pripadnost, itd.<\/p>\n<p style=\"text-align: justify;\">U sklopu ovog projekta realizuju se slede\u0107e aktivnosti:<\/p>\n<ul>\n<li style=\"text-align: justify;\">Obuka 25 vr\u0161nja\u010dkih edukatora za promociju omladinskog aktivizma i uklju\u010denosti mladih u lokalnoj zajednici;<\/li>\n<li>Osna\u017eivanje mladih u Ulcinju sa neophodnim preduzetni\u010dkim kompetencijama, kako bi se smanjila stopa nezaposlenosti mladih lica;<\/li>\n<li>Unapre\u0111enje individualnog i socijalnog razvoja mladih u Ulcinju i sprje\u010davanje njihovog mogu\u0107eg zapostavljanja;<\/li>\n<li>Podsticanje Lokalne samouprave za kreiranje efektivne omladinske i socijalne politike na lokalnom nivou.<\/li>\n<li>Ja\u010danje interkulturalnog dijaloga i socijalne kohezije me\u0111u mladima iz razlicitih sredina<\/li>\n<\/ul>\n<p style=\"text-align: justify;\">Ono \u0161to je najva\u017enije jeste da \u0107e mladi kroz ove aktivnosti,sticati svijest o zna\u010daju volonterizma i aktivizma, na\u010dinima za pokretanje incijativa i javnih doga\u0111aja, vode me\u0111usobno diskusiju o polo\u017eaju mladih volontera i aktivista u gradu, promi\u0161ljaju ideje za pokretanje rje\u0161avanja problema koji se ti\u010du njih sami i sli\u010dno.<\/p>\n<hr>\n<p>&nbsp;<\/p>\n","protected":false},"excerpt":{"rendered":"<p>NVO Novi Horizont po\u010deo sa realizacijom projekta \u201cAKTIVNI MLADI &#8211; AKTIVNA ZAJEDNICA\u201d&nbsp; koje finansira Ministarstvo sporta i mladih Crne Gore. Op\u0161ti cilj projekta je: podsticanje omladinskog aktivizma u Ulcinju kroz proces neformalne edukacije mladih, kao i ja\u010danje njihovih poslovnih, gra\u0111anskih i socijalnih kompetencija. Ciljnu grupu \u010dine mladi od 15-18 godina zastupljeni iz razli\u010ditih kategorija u\u010desnika, [&hellip;]<\/p>\n","protected":false},"author":1,"featured_media":10275,"comment_status":"open","ping_status":"open","sticky":false,"template":"","format":"standard","meta":{"_et_pb_use_builder":"","_et_pb_old_content":"","_et_gb_content_width":"","ngg_post_thumbnail":0,"slim_seo":{"title":"AKTIVNI MLADI - AKTIVNA ZAJEDNICA - New Horizon NGO","description":"NVO Novi Horizont po\u010deo sa realizacijom projekta \u201cAKTIVNI MLADI - AKTIVNA ZAJEDNICA\u201d&nbsp; koje finansira Ministarstvo sporta i mladih Crne Gore. Op\u0161ti cilj pro"},"footnotes":""},"categories":[52],"tags":[],"class_list":["post-10274","post","type-post","status-publish","format-standard","has-post-thumbnail","hentry","category-projekti","et-has-post-format-content","et_post_format-et-post-format-standard"],"_links":{"self":[{"href":"https:\/\/www.ngo-horizonti.org\/mne\/wp-json\/wp\/v2\/posts\/10274","targetHints":{"allow":["GET"]}}],"collection":[{"href":"https:\/\/www.ngo-horizonti.org\/mne\/wp-json\/wp\/v2\/posts"}],"about":[{"href":"https:\/\/www.ngo-horizonti.org\/mne\/wp-json\/wp\/v2\/types\/post"}],"author":[{"embeddable":true,"href":"https:\/\/www.ngo-horizonti.org\/mne\/wp-json\/wp\/v2\/users\/1"}],"replies":[{"embeddable":true,"href":"https:\/\/www.ngo-horizonti.org\/mne\/wp-json\/wp\/v2\/comments?post=10274"}],"version-history":[{"count":4,"href":"https:\/\/www.ngo-horizonti.org\/mne\/wp-json\/wp\/v2\/posts\/10274\/revisions"}],"predecessor-version":[{"id":10286,"href":"https:\/\/www.ngo-horizonti.org\/mne\/wp-json\/wp\/v2\/posts\/10274\/revisions\/10286"}],"wp:featuredmedia":[{"embeddable":true,"href":"https:\/\/www.ngo-horizonti.org\/mne\/wp-json\/wp\/v2\/media\/10275"}],"wp:attachment":[{"href":"https:\/\/www.ngo-horizonti.org\/mne\/wp-json\/wp\/v2\/media?parent=10274"}],"wp:term":[{"taxonomy":"category","embeddable":true,"href":"https:\/\/www.ngo-horizonti.org\/mne\/wp-json\/wp\/v2\/categories?post=10274"},{"taxonomy":"post_tag","embeddable":true,"href":"https:\/\/www.ngo-horizonti.org\/mne\/wp-json\/wp\/v2\/tags?post=10274"}],"curies":[{"name":"wp","href":"https:\/\/api.w.org\/{rel}","templated":true}]}}