{"id":10203,"date":"2020-12-07T10:09:19","date_gmt":"2020-12-07T09:09:19","guid":{"rendered":"https:\/\/www.ngo-horizonti.org\/?p=10203"},"modified":"2020-12-07T10:12:39","modified_gmt":"2020-12-07T09:12:39","slug":"treca-godina-bez-konkursa-za-organizacije-civilnog-drustva","status":"publish","type":"post","link":"https:\/\/www.ngo-horizonti.org\/mne\/treca-godina-bez-konkursa-za-organizacije-civilnog-drustva\/","title":{"rendered":"TRE\u0106A GODINA BEZ OP\u0160TINSKOG KONKURSA ZA ORGANIZACIJE CIVILNOG DRU\u0160TVA"},"content":{"rendered":"<p style=\"text-align: justify;\">Finansiranje projekata i programa NVO iz bud\u017eeta Op\u0161tine Ulcinj jedan je od oblika saradnje izme\u0111u lokalne samouprave i organizacija civilnog dru\u0161tva. Ovaj oblik saradnje prakti\u010dno zna\u010di da Op\u0161tina Ulcinj iz svog bud\u017eeta finansira realizaciju projekata koji su prioritet u programima, planovima i strategijama koje je usvojila.<\/p>\n<p style=\"text-align: justify;\">Finansiranje projekata NVO u Crnoj Gori regulisano je Zakonom o nevladinim organizacijama, zatim Zakonom o lokalnoj samoupravi i Zakonom o manjinskim pravima i slobodama. Na lokalnom nivou situacija je malo druga\u010dija. Kada lokalna samouprava odlu\u010di podr\u017eati projekte i programe nevladinih organizacija i ovo pitanje reguli\u0161e posebnom odlukom, onda je ona du\u017ena sprovesti tu odluku.<\/p>\n<p style=\"text-align: justify;\">Op\u0161tina Ulcinj nije raspisala javni konkurs za finansiranje projekata lokalnih nevladinih organizacija za 2018., 2019. i 2020. godinu. Me\u0111utim, ova \u010dinjenica ne zna\u010di da Op\u0161tina u ovom periodu iz svog bud\u017eeta nije izdvajala sredstva za nevladine organizacije. Tako je, bez javne procedure propisane aktom koji ure\u0111uje ovo pitanje, odlukom gradona\u010delnika, za ove tri godine dodijeljeno preko 22.000 evra za lokalne nevladine organizacije.<\/p>\n<p style=\"text-align: justify;\">U ovom slu\u010daju treba ista\u0107i \u010dinjenicu da aktuelna vlast u op\u0161tini Ulcinj, u ovom mandatu, nije raspisala nijedan javni konkurs za nevladine organizacije.<\/p>\n<p style=\"text-align: justify;\">Va\u017ean preduslov da se projekti NVO-a finansiraju iz op\u0161tinskog bud\u017eeta, sredstvima poreskih obveznika, jesu da budu u op\u0161tem javnom interesu i da budu direktno povezani sa lokalnim politikama (odlukama, planovima, programima i strategijama Op\u0161tine). U tom kontekstu, nevladine organizacije u Ulcinju sada su prepoznate ne samo na lokalnom nivou, ve\u0107 i \u0161ire, kao subjekti koji daju vrijedan doprinos u sprovo\u0111enju javnih politika i pru\u017eaju va\u017ene usluge gra\u0111anima i cijeloj zajednici.<\/p>\n<p style=\"text-align: justify;\">Radi \u0161ire javnosti, \u017eeljimo naglasiti da organizacije civilnog dru\u0161tva nijesu glasne samo u tra\u017eenju finansijskih sredstava. Tako\u0111e su vrlo aktivne u izradi i sprovo\u0111enju javnih politika. Ve\u0107 nekoliko godina ponavljaju se na\u0161i zahtjevi za formiranje Savjeta za razvoj i za\u0161titu lokalne samouprave, za formiranje Savjeta za saradnju lokalne samouprave sa nevladinim organizacijama; za dono\u0161enje Odluke o u\u010de\u0161\u0107u gra\u0111ana u vr\u0161enju javnih poslova i dr.<\/p>\n<p style=\"text-align: justify;\">Dakle, finansiranje NVO-a iz op\u0161tinskog bud\u017eeta treba da predstavlja sprovo\u0111enje politika i javnih usluga lokalne uprave. Prema tome, ako se takvo finansiranje dobro razumije i organizuje od strane op\u0161tinske administracije, to onda ne zna\u010di tro\u0161ak, ve\u0107 zapravo ulaganje u razvoj na\u0161e zajednice u raznim oblastima.<\/p>\n<p style=\"text-align: justify;\"><img loading=\"lazy\" decoding=\"async\" class=\"aligncenter size-large wp-image-10198\" src=\"https:\/\/www.ngo-horizonti.org\/wp-content\/uploads\/2020\/12\/RRJETI-i-OJQ-ve-1024x556.jpg\" alt=\"\" width=\"1024\" height=\"556\" srcset=\"https:\/\/www.ngo-horizonti.org\/wp-content\/uploads\/2020\/12\/RRJETI-i-OJQ-ve.jpg 1024w, https:\/\/www.ngo-horizonti.org\/wp-content\/uploads\/2020\/12\/RRJETI-i-OJQ-ve-300x163.jpg 300w, https:\/\/www.ngo-horizonti.org\/wp-content\/uploads\/2020\/12\/RRJETI-i-OJQ-ve-768x417.jpg 768w\" sizes=\"(max-width: 1024px) 100vw, 1024px\" \/><\/p>\n<p>Sa zadnjeg sastanka Neformalne mre\u017ee lokalnih NVO &#8211; Ulcinj<\/p>\n<hr>\n<p>&nbsp;<\/p>\n","protected":false},"excerpt":{"rendered":"<p>Finansiranje projekata i programa NVO iz bud\u017eeta Op\u0161tine Ulcinj jedan je od oblika saradnje izme\u0111u lokalne samouprave i organizacija civilnog dru\u0161tva. Ovaj oblik saradnje prakti\u010dno zna\u010di da Op\u0161tina Ulcinj iz svog bud\u017eeta finansira realizaciju projekata koji su prioritet u programima, planovima i strategijama koje je usvojila. Finansiranje projekata NVO u Crnoj Gori regulisano je Zakonom [&hellip;]<\/p>\n","protected":false},"author":1,"featured_media":10207,"comment_status":"open","ping_status":"open","sticky":false,"template":"","format":"standard","meta":{"_et_pb_use_builder":"","_et_pb_old_content":"","_et_gb_content_width":"","ngg_post_thumbnail":0,"slim_seo":{"title":"TRE\u0106A GODINA BEZ OP\u0160TINSKOG KONKURSA ZA ORGANIZACIJE CIVILNOG DRU\u0160TVA - New Horizon NGO","description":"Finansiranje projekata i programa NVO iz bud\u017eeta Op\u0161tine Ulcinj jedan je od oblika saradnje izme\u0111u lokalne samouprave i organizacija civilnog dru\u0161tva. Ovaj obli"},"footnotes":""},"categories":[80],"tags":[],"class_list":["post-10203","post","type-post","status-publish","format-standard","has-post-thumbnail","hentry","category-resursni-centar","et-has-post-format-content","et_post_format-et-post-format-standard"],"_links":{"self":[{"href":"https:\/\/www.ngo-horizonti.org\/mne\/wp-json\/wp\/v2\/posts\/10203","targetHints":{"allow":["GET"]}}],"collection":[{"href":"https:\/\/www.ngo-horizonti.org\/mne\/wp-json\/wp\/v2\/posts"}],"about":[{"href":"https:\/\/www.ngo-horizonti.org\/mne\/wp-json\/wp\/v2\/types\/post"}],"author":[{"embeddable":true,"href":"https:\/\/www.ngo-horizonti.org\/mne\/wp-json\/wp\/v2\/users\/1"}],"replies":[{"embeddable":true,"href":"https:\/\/www.ngo-horizonti.org\/mne\/wp-json\/wp\/v2\/comments?post=10203"}],"version-history":[{"count":2,"href":"https:\/\/www.ngo-horizonti.org\/mne\/wp-json\/wp\/v2\/posts\/10203\/revisions"}],"predecessor-version":[{"id":10211,"href":"https:\/\/www.ngo-horizonti.org\/mne\/wp-json\/wp\/v2\/posts\/10203\/revisions\/10211"}],"wp:featuredmedia":[{"embeddable":true,"href":"https:\/\/www.ngo-horizonti.org\/mne\/wp-json\/wp\/v2\/media\/10207"}],"wp:attachment":[{"href":"https:\/\/www.ngo-horizonti.org\/mne\/wp-json\/wp\/v2\/media?parent=10203"}],"wp:term":[{"taxonomy":"category","embeddable":true,"href":"https:\/\/www.ngo-horizonti.org\/mne\/wp-json\/wp\/v2\/categories?post=10203"},{"taxonomy":"post_tag","embeddable":true,"href":"https:\/\/www.ngo-horizonti.org\/mne\/wp-json\/wp\/v2\/tags?post=10203"}],"curies":[{"name":"wp","href":"https:\/\/api.w.org\/{rel}","templated":true}]}}